{"id":10524,"date":"2025-12-19T08:15:59","date_gmt":"2025-12-19T08:15:59","guid":{"rendered":"https:\/\/groupehyperion.com\/?p=10524"},"modified":"2025-12-19T08:18:39","modified_gmt":"2025-12-19T08:18:39","slug":"detective-prive-montpellier-reportage-tf1-2025","status":"publish","type":"post","link":"https:\/\/groupehyperion.com\/ru\/le-groupe-hyperion-au-jt-de-tf1-quand-un-detective-prive-de-montpellier-presente-une-enquete-reelle\/","title":{"rendered":"Le Groupe Hyperion au JT de TF1 : quand un d\u00e9tective priv\u00e9 de Montpellier pr\u00e9sente une enqu\u00eate r\u00e9elle"},"content":{"rendered":"<section class=\"l-section wpb_row height_custom\"><div class=\"l-section-h i-cf\"><div class=\"g-cols vc_row via_grid cols_1 laptops-cols_inherit tablets-cols_inherit mobiles-cols_1 valign_top type_default stacking_default\"><div class=\"wpb_column vc_column_container\"><div class=\"vc_column-inner\"><\/div><\/div><\/div><\/div><\/section><section class=\"l-section wpb_row height_custom\"><div class=\"l-section-h i-cf\"><div class=\"g-cols vc_row via_grid cols_1 laptops-cols_inherit tablets-cols_inherit mobiles-cols_1 valign_top type_default stacking_default\"><div class=\"wpb_column vc_column_container\"><div class=\"vc_column-inner\"><div class=\"wpb_text_column us_custom_733961f0\"><div class=\"wpb_wrapper\"><p>Le Groupe Hyperion au JT de TF1 : quand un d&eacute;tective priv&eacute; de Montpellier pr&eacute;sente une enqu&ecirc;te r&eacute;elle<\/p>\n<p>Le 13 d&eacute;cembre 2025, le <a href=\"https:\/\/www.tf1.fr\/tf1\/jt-13h\" target=\"_blank\" rel=\"noopener\">Journal de 13h de TF1<\/a> a consacr&eacute; un reportage de plus de trois minutes au m&eacute;tier de d&eacute;tective priv&eacute;. Une premi&egrave;re &agrave; cette &eacute;chelle pour la profession. Et c&rsquo;est <strong>Jeremy Fontanille<\/strong>, directeur du <strong>Groupe Hyperion<\/strong> &agrave; Montpellier, qui a eu l&rsquo;opportunit&eacute; de pr&eacute;senter concr&egrave;tement son activit&eacute; d&rsquo;enqu&ecirc;teur, &agrave; travers une <a href=\"https:\/\/groupehyperion.com\/france\/detective-prive-herault\/\" target=\"_blank\" rel=\"noopener\">mission r&eacute;elle men&eacute;e dans l&rsquo;H&eacute;rault<\/a>.<\/p>\n<p>Loin des clich&eacute;s hollywoodiens et des s&eacute;ries t&eacute;l&eacute;vis&eacute;es, ce sujet diffus&eacute; &agrave; l&rsquo;&eacute;chelle nationale montre la r&eacute;alit&eacute; du terrain : observation minutieuse, patience, rigueur m&eacute;thodologique et respect absolu du cadre l&eacute;gal. Un t&eacute;moignage pr&eacute;cieux pour comprendre ce qu&rsquo;est vraiment le travail d&rsquo;un<strong> d&eacute;tectiv&eacute; priv&eacute; en France<\/strong> en 2025.<\/p>\n<\/div><\/div><div class=\"wpb_text_column us_custom_749652e4\"><div class=\"wpb_wrapper\"><h2 style=\"text-align: left;\">Une enqu&ecirc;te &agrave; Montpellier sous l&rsquo;&oelig;il des cam&eacute;ras de TF1<\/h2>\n<p>Le reportage suit Jeremy Fontanille lors d&rsquo;une mission confi&eacute;e par une entreprise de la r&eacute;gion montpelli&eacute;raine. Le contexte : un employeur soup&ccedil;onne un salari&eacute; en arr&ecirc;t maladie d&rsquo;exercer une activit&eacute; incompatible avec l&rsquo;&eacute;tat de sant&eacute; qu&rsquo;il a d&eacute;clar&eacute;. Une situation malheureusement courante qui pose des questions l&eacute;gitimes aux dirigeants d&rsquo;entreprise.<\/p>\n<p><strong>L&rsquo;objectif de l&rsquo;enqu&ecirc;te est clair : constater des faits objectifs, les documenter avec pr&eacute;cision et produire des &eacute;l&eacute;ments exploitables juridiquement<\/strong>. Pas de jugement, pas d&rsquo;interpr&eacute;tation subjective. Uniquement des observations factuelles qui permettront &agrave; l&rsquo;employeur et &agrave; son conseil juridique de prendre les d&eacute;cisions appropri&eacute;es.<\/p>\n<p><strong>Les &eacute;quipes de TF1<\/strong> ont film&eacute; plusieurs phases de cette investigation : les rep&eacute;rages, la <a href=\"https:\/\/groupehyperion.com\/enquetes-pour-professionnels\/surveillance-de-salaries\/\">surveillance discr&egrave;te<\/a>, les constats photographiques et la r&eacute;daction du rapport final. Une immersion rare qui montre l&rsquo;envers du d&eacute;cor d&rsquo;un m&eacute;tier souvent m&eacute;connu du grand public.<\/p>\n<\/div><\/div><div class=\"w-separator size_small\"><\/div><h2 class=\"w-text us_custom_f089f0d6\"><span class=\"w-text-h\"><span class=\"w-text-value\">Regardez le reportage complet : <\/span><\/span><\/h2><div class=\"w-video align_center ratio_16x9 with_overlay has_iframe\" style=\"background-image:url(https:\/\/groupehyperion.com\/wp-content\/uploads\/2025\/12\/Detective-prive-hyperion-montpellier-passage-tv-tf1-reportage-france-2025.webp);\" onclick='return {\"player_id\":\"youtube-y70f\",\"player_api\":\"\\\/\\\/www.youtube.com\\\/player_api\",\"player_html\":\"&lt;div id=\\\"youtube-y70f\\\"&gt;&lt;\\\/div&gt;&lt;script&gt;\\r\\n\\t\\t\\twindow.USYTPlayers = ( window.USYTPlayers || { initYTFunctions: [], optionsYT: [], USYTInited: false } );\\r\\n\\t\\t\\twindow.USYTPlayers.optionsYT.push( {\\r\\n\\t\\t\\t\\tplayerID: \\\"youtube-y70f\\\",\\r\\n\\t\\t\\t\\tvideoID: \\\"SI7dhIydjQ0\\\",\\r\\n\\t\\t\\t\\tplayerVars: {\\\"autoplay\\\":1,\\\"controls\\\":1,\\\"origin\\\":\\\"https:\\\\\\\/\\\\\\\/groupehyperion.com\\\\\\\/ru\\\",\\\"loop\\\":0,\\\"mute\\\":0,\\\"playlist\\\":\\\"SI7dhIydjQ0\\\"}\\r\\n\\t\\t\\t} );\\r\\n\\t\\t\\tif ( window.USYTPlayers.USYTInited === false ) {\\r\\n\\t\\t\\t\\t\\\/\\\/ Trying to override other possible WP YT API calls if our element is used\\r\\n\\t\\t\\t\\twindow.USYTPlayers.USYTInited = true;\\r\\n\\r\\n\\t\\t\\t\\twindow.onYouTubePlayerAPIReady = function() {\\r\\n\\t\\t\\t\\t\\tfor ( var i in window.USYTPlayers.optionsYT ) {\\r\\n\\t\\t\\t\\t\\t\\tvar _playerParams = window.USYTPlayers.optionsYT[ i ];\\r\\n\\t\\t\\t\\t\\t\\t$us.YTPlayers[ _playerParams.playerID ] = new YT.Player( _playerParams.playerID, {\\r\\n\\t\\t\\t\\t\\t\\t\\tvideoId: _playerParams.videoID,\\r\\n\\t\\t\\t\\t\\t\\t\\tplayerVars: _playerParams.playerVars\\r\\n\\t\\t\\t\\t\\t\\t} );\\r\\n\\t\\t\\t\\t\\t}\\r\\n\\t\\t\\t\\t}\\r\\n\\t\\t\\t}\\r\\n\\t\\t\\tif ( !!window.YT ) {\\r\\n\\t\\t\\t\\t$us.YTPlayers[\\\"youtube-y70f\\\"] = new YT.Player( \\\"youtube-y70f\\\", {\\r\\n\\t\\t\\t\\t\\tvideoId: \\\"SI7dhIydjQ0\\\",\\r\\n\\t\\t\\t\\t\\tplayerVars: {\\\"autoplay\\\":1,\\\"controls\\\":1,\\\"origin\\\":\\\"https:\\\\\\\/\\\\\\\/groupehyperion.com\\\\\\\/ru\\\",\\\"loop\\\":0,\\\"mute\\\":0,\\\"playlist\\\":\\\"SI7dhIydjQ0\\\"}\\r\\n\\t\\t\\t\\t} );\\r\\n\\t\\t\\t}\\r\\n\\t\\t&lt;\\\/script&gt;\"}'><div class=\"w-video-h\"><\/div><div class=\"w-video-icon\" style=\"font-size:1.5rem;background:rgba(0,0,0,0.5);color:#fff\"><\/div><\/div><div class=\"w-separator size_small\"><\/div><div class=\"wpb_text_column us_custom_749652e4\"><div class=\"wpb_wrapper\"><h2 style=\"text-align: left;\">Un m&eacute;tier de patience avant tout<\/h2>\n<p>C&rsquo;est la phrase qui r&eacute;sume peut-&ecirc;tre le mieux cette profession. Comme le souligne Jeremy Fontanille dans le reportage, &ecirc;tre d&eacute;tective priv&eacute;, c&rsquo;est accepter de passer de longues heures &agrave; surveiller, attendre, observer sans qu&rsquo;il ne se passe rien&hellip; jusqu&rsquo;au moment o&ugrave; le constat d&eacute;cisif peut &ecirc;tre effectu&eacute;.<\/p>\n<p>Cette patience n&rsquo;est pas passive. Elle s&rsquo;accompagne d&rsquo;une vigilance constante, d&rsquo;une capacit&eacute; d&rsquo;adaptation permanente aux circonstances et d&rsquo;une discr&eacute;tion absolue. Chaque mouvement, chaque d&eacute;cision doit &ecirc;tre pes&eacute; pour ne pas compromettre la mission tout en restant dans les limites strictes de la l&eacute;galit&eacute;.<\/p>\n<p>Car c&rsquo;est bien l&agrave; le point central : un d&eacute;tective priv&eacute; agr&eacute;&eacute; travaille dans un cadre l&eacute;gal, moral et d&eacute;ontologique tr&egrave;s pr&eacute;cis. Toute preuve obtenue en dehors de ce cadre serait irrecevable devant un tribunal et pourrait m&ecirc;me se retourner contre l&rsquo;employeur qui y aurait eu recours.<\/p>\n<\/div><\/div><div class=\"wpb_text_column us_custom_749652e4\"><div class=\"wpb_wrapper\"><h2 style=\"text-align: left;\"><strong>Arr&ecirc;ts maladie abusifs : une probl&eacute;matique croissante pour les entreprises<\/strong><\/h2>\n<p>Si TF1 a choisi de consacrer plus de trois minutes &agrave; ce sujet, c&rsquo;est que la probl&eacute;matique des arr&ecirc;ts maladie frauduleux touche de nombreuses entreprises fran&ccedil;aises. Les pertes &eacute;conomiques li&eacute;es &agrave; ces abus sont consid&eacute;rables, sans compter l&rsquo;impact sur l&rsquo;organisation du travail et le climat social.<\/p>\n<p>Face &agrave; cette situation, les employeurs se sentent souvent d&eacute;munis. Comment v&eacute;rifier les all&eacute;gations d&rsquo;un salari&eacute; sans porter atteinte &agrave; sa vie priv&eacute;e ? Comment collecter des preuves recevables devant les prud&rsquo;hommes ? C&rsquo;est pr&eacute;cis&eacute;ment l&agrave; qu&rsquo;intervient le d&eacute;tective priv&eacute;.<\/p>\n<p>Au Groupe Hyperion, nous menons r&eacute;guli&egrave;rement ce type d&rsquo;enqu&ecirc;te &agrave; Montpellier et dans toute la r&eacute;gion Occitanie. Notre mission consiste &agrave; documenter factuellement la situation : le salari&eacute; en arr&ecirc;t exerce-t-il une activit&eacute; professionnelle parall&egrave;le ? Pratique-t-il des activit&eacute;s de loisirs incompatibles avec son &eacute;tat de sant&eacute; d&eacute;clar&eacute; ? Ces constats, r&eacute;alis&eacute;s dans le strict respect de la vie priv&eacute;e et uniquement dans les lieux publics, constituent des &eacute;l&eacute;ments de preuve admissibles en justice.<\/p>\n<p>Pour en savoir plus sur nos services, consultez notre page d&eacute;di&eacute;e &agrave; la <a href=\"https:\/\/groupehyperion.com\/enquetes-pour-professionnels\/surveillance-de-salaries\/\">surveillance de salari&eacute;s<\/a> et d&eacute;couvrez l&rsquo;ensemble de nos <a href=\"https:\/\/groupehyperion.com\/enquetes-pour-professionnels\/\">enqu&ecirc;tes pour professionnels<\/a>.<\/p>\n<\/div><\/div><div class=\"wpb_text_column us_custom_749652e4\"><div class=\"wpb_wrapper\"><h2 style=\"text-align: left;\">Un m&eacute;tier strictement encadr&eacute; par la loi<\/h2>\n<p>Le reportage TF1 rappelle opportun&eacute;ment un point fondamental : le m&eacute;tier de d&eacute;tective priv&eacute; est une profession r&eacute;glement&eacute;e en France. On ne s&rsquo;improvise pas enqu&ecirc;teur priv&eacute; du jour au lendemain.<br>\n<strong>Pour exercer l&eacute;galement cette activit&eacute;, plusieurs conditions doivent &ecirc;tre r&eacute;unies :<\/strong><br>\nUne formation reconnue par l&rsquo;&Eacute;tat, dispens&eacute;e par des &eacute;tablissements comme l&rsquo;<a href=\"https:\/\/ifar.fr\/\" target=\"_blank\" rel=\"noopener\">IFAR<\/a>, l&rsquo;<a href=\"https:\/\/www.ecole-detective.com\/\" target=\"_blank\" rel=\"noopener\">ESARP<\/a> ou certaines facult&eacute;s de droit. Cette formation couvre les aspects juridiques, techniques et d&eacute;ontologiques de la profession.<\/p>\n<p>Un agr&eacute;ment administratif d&eacute;livr&eacute; par le <a href=\"https:\/\/www.cnaps.interieur.gouv.fr\/\" target=\"_blank\" rel=\"noopener\"><a class=\"glossaryLink\"  title=\"Lexique: CNAPS\"  href=\"https:\/\/groupehyperion.com\/ru\/lexique\/cnaps\/\"  data-gt-translate-attributes='[{\"attribute\":\"data-cmtooltip\", \"format\":\"html\"}]'  tabindex='0' role='link'>CNAPS<\/a> (Conseil national des activit&eacute;s priv&eacute;es de s&eacute;curit&eacute;)<\/a>, apr&egrave;s v&eacute;rification du casier judiciaire et des comp&eacute;tences professionnelles du candidat. Cet agr&eacute;ment peut &ecirc;tre retir&eacute; en cas de manquement.<br>\nLe respect du Code de la s&eacute;curit&eacute; int&eacute;rieure, qui d&eacute;finit pr&eacute;cis&eacute;ment le cadre d&rsquo;intervention des agents de recherches priv&eacute;es. L&rsquo;article L621-1 stipule que notre activit&eacute; consiste &agrave; &laquo;&nbsp;recueillir des informations ou renseignements destin&eacute;s &agrave; des tiers, en vue de la d&eacute;fense de leurs int&eacute;r&ecirc;ts&nbsp;&raquo;.<br>\nCette r&eacute;glementation stricte est une garantie pour nos clients : elle assure que les preuves collect&eacute;es seront recevables devant les tribunaux et que les m&eacute;thodes employ&eacute;es respectent les droits fondamentaux de chacun.<\/p>\n<\/div><\/div><div class=\"wpb_text_column us_custom_749652e4\"><div class=\"wpb_wrapper\"><h2 style=\"text-align: left;\">Un impact m&eacute;diatique significatif pour le Groupe Hyperion<\/h2>\n<p>Depuis la diffusion de ce reportage sur TF1, le Groupe Hyperion a re&ccedil;u de nombreux appels d&rsquo;<a href=\"https:\/\/groupehyperion.com\/detective-prive-a-montpellier-fraude-et-enquetes-professionnelles-pour-les-entreprises\/\">entreprises de Montpellier<\/a>, Toulouse, Perpignan et d&rsquo;autres villes de la r&eacute;gion. Beaucoup d&eacute;couvraient qu&rsquo;il &eacute;tait possible de faire appel &agrave; un d&eacute;tective priv&eacute; pour r&eacute;soudre des probl&eacute;matiques internes complexes.<\/p>\n<p>Cette m&eacute;diatisation contribue &agrave; d&eacute;mystifier notre profession. Elle montre que le d&eacute;tective priv&eacute; n&rsquo;est pas un personnage de fiction, mais un professionnel du renseignement l&eacute;gal qui intervient dans des situations concr&egrave;tes, avec des outils et des m&eacute;thodes parfaitement encadr&eacute;s.<\/p>\n<p>Pour les entreprises, c&rsquo;est aussi l&rsquo;occasion de comprendre qu&rsquo;elles disposent de moyens l&eacute;gaux pour se d&eacute;fendre contre les abus : fraudes aux arr&ecirc;ts maladie, <a class=\"glossaryLink\"  title=\"Lexique: Concurrence d&eacute;loyale\"  href=\"https:\/\/groupehyperion.com\/ru\/lexique\/concurrence-deloyale\/\"  data-gt-translate-attributes='[{\"attribute\":\"data-cmtooltip\", \"format\":\"html\"}]'  tabindex='0' role='link'>concurrence d&eacute;loyale<\/a>, vols internes, violations de clauses de non-concurrence&hellip; Autant de situations o&ugrave; une enqu&ecirc;te priv&eacute;e peut apporter des &eacute;l&eacute;ments de preuve d&eacute;cisifs.<\/p>\n<p>Pour les particuliers, le reportage rappelle que nos services ne se limitent pas aux affaires professionnelles. Nous intervenons &eacute;galement dans des contextes personnels et familiaux : enqu&ecirc;tes de v&eacute;rification de fid&eacute;lit&eacute;, recherches de personnes disparues, <a class=\"glossaryLink\"  title=\"Lexique: Litiges\"  href=\"https:\/\/groupehyperion.com\/ru\/lexique\/litiges\/\"  data-gt-translate-attributes='[{\"attribute\":\"data-cmtooltip\", \"format\":\"html\"}]'  tabindex='0' role='link'>litiges<\/a> successoraux&hellip;<\/p>\n<\/div><\/div><div class=\"wpb_text_column us_custom_749652e4\"><div class=\"wpb_wrapper\"><h2 style=\"text-align: left;\">Pourquoi ce passage sur TF1 est important pour notre profession<\/h2>\n<p>Au-del&agrave; de la reconnaissance pour le Groupe Hyperion, ce reportage constitue une avanc&eacute;e pour l&rsquo;ensemble de la profession. Il contribue &agrave; faire conna&icirc;tre le r&ocirc;le l&eacute;gitime que jouent les d&eacute;tectives priv&eacute;s dans le syst&egrave;me judiciaire fran&ccedil;ais.<\/p>\n<p>Trop souvent, notre m&eacute;tier est associ&eacute; &agrave; des pratiques douteuses ou &agrave; des m&eacute;thodes intrusives. La r&eacute;alit&eacute; est tout autre : nous sommes des auxiliaires de justice, au m&ecirc;me titre que les huissiers ou les experts judiciaires. Notre travail consiste &agrave; &eacute;tablir des faits, &agrave; collecter des preuves selon des m&eacute;thodes l&eacute;gales et &agrave; permettre &agrave; nos clients de faire valoir leurs droits devant les tribunaux.<\/p>\n<p>Cette diffusion nationale permet &eacute;galement de sensibiliser le public aux &eacute;volutions r&eacute;centes de la jurisprudence concernant les preuves obtenues par d&eacute;tective priv&eacute;. Comme nous l&rsquo;expliquons dans notre article sur les preuves en droit du travail, les rapports d&rsquo;enqu&ecirc;te sont d&eacute;sormais de plus en plus souvent admis par les conseils de prud&rsquo;hommes, &agrave; condition de respecter les crit&egrave;res d&rsquo;indispensabilit&eacute; et de proportionnalit&eacute;.<\/p>\n<\/div><\/div><div class=\"wpb_text_column us_custom_749652e4\"><div class=\"wpb_wrapper\"><h2 style=\"text-align: left;\">Le Groupe Hyperion : un acteur reconnu &agrave; Montpellier et en France<\/h2>\n<p>Ce passage sur TF1 couronne plusieurs ann&eacute;es de travail acharn&eacute; pour faire du Groupe Hyperion une r&eacute;f&eacute;rence dans le domaine de l&rsquo;investigation priv&eacute;e. Bas&eacute;s &agrave; Montpellier, nous disposons aujourd&rsquo;hui d&rsquo;un r&eacute;seau d&rsquo;agences dans plusieurs villes de France : <a href=\"https:\/\/groupehyperion.com\/detective-prive\/agence-de-paris\/\">Paris<\/a>, <a href=\"https:\/\/groupehyperion.com\/detective-prive\/agence-de-toulouse\/\">Toulouse<\/a>, <a href=\"https:\/\/groupehyperion.com\/detective-prive\/agence-de-limoges\/\">Limoges<\/a>, Annecy, ainsi qu&rsquo;&agrave; <a href=\"https:\/\/groupehyperion.com\/detective-prive\/detective-prive-geneve\/\">Gen&egrave;ve<\/a>.<\/p>\n<p>Notre &eacute;quipe d&rsquo;enqu&ecirc;teurs agr&eacute;&eacute;s <a class=\"glossaryLink\"  title=\"Lexique: CNAPS\"  href=\"https:\/\/groupehyperion.com\/ru\/lexique\/cnaps\/\"  data-gt-translate-attributes='[{\"attribute\":\"data-cmtooltip\", \"format\":\"html\"}]'  tabindex='0' role='link'>CNAPS<\/a> intervient quotidiennement pour des entreprises, des particuliers et des professionnels du droit. Chaque mission est trait&eacute;e avec la m&ecirc;me rigueur m&eacute;thodologique et le m&ecirc;me respect du cadre l&eacute;gal que celle pr&eacute;sent&eacute;e dans le reportage TF1.<\/p>\n<p>Cette reconnaissance m&eacute;diatique ne change pas notre approche : nous continuons &agrave; privil&eacute;gier la discr&eacute;tion, l&rsquo;efficacit&eacute; et la qualit&eacute; des rapports que nous produisons. Mais elle valide notre positionnement comme acteurs s&eacute;rieux et professionnels de l&rsquo;<strong>investigation priv&eacute;e en France<\/strong>.<\/p>\n<\/div><\/div><div class=\"wpb_text_column us_custom_0a0f5243 has_text_color\"><div class=\"wpb_wrapper\"><p style=\"text-align: center;\"><strong>Vous avez besoin d&rsquo;une enqu&ecirc;te discr&egrave;te et l&eacute;gale ?<br>\nLe Groupe Hyperion vous accompagne partout en France.<\/strong><\/p>\n<\/div><\/div><\/div><\/div><\/div><\/div><\/section><section class=\"l-section wpb_row height_custom\"><div class=\"l-section-h i-cf\"><div class=\"g-cols vc_row via_grid cols_1 laptops-cols_inherit tablets-cols_inherit mobiles-cols_1 valign_top type_default stacking_default\"><div class=\"wpb_column vc_column_container\"><div class=\"vc_column-inner\"><\/div><\/div><\/div><\/div><\/section><section class=\"l-section wpb_row height_custom\"><div class=\"l-section-h i-cf\"><div class=\"g-cols vc_row via_grid cols_1-2-1 laptops-cols_inherit tablets-cols_inherit mobiles-cols_1 valign_top type_default stacking_default\"><div class=\"wpb_column vc_column_container\"><div class=\"vc_column-inner\"><\/div><\/div><div class=\"wpb_column vc_column_container\"><div class=\"vc_column-inner\"><section class=\"l-section wpb_row height_small\"><div class=\"l-section-h i-cf\"><div class=\"g-cols vc_row via_grid cols_1 laptops-cols_inherit tablets-cols_inherit mobiles-cols_1 valign_top type_default stacking_default\"><div class=\"wpb_column vc_column_container\"><div class=\"vc_column-inner\"><div class=\"wpb_text_column us_custom_99d5a672 has_text_color\"><div class=\"wpb_wrapper\"><h2>Contactez le Groupe Hyp&eacute;rion pour toutes informations ou devis gratuit.<\/h2>\n<p>&nbsp;<\/p>\n<\/div><\/div><div class=\"wpb_text_column us_custom_49beb644\"><div class=\"wpb_wrapper\"><p>Merci de compl&eacute;ter le formulaire ci-dessous pour plus d&rsquo;efficacit&eacute;. Nous vous rappelons rapidement.<\/p>\n<\/div><\/div><form class=\"w-form  us-field-style_1 us_custom_72fc42ef layout_ver for_cform us_form_1\" autocomplete=\"off\" action=\"https:\/\/groupehyperion.com\/ru\/ru\/wp-json\/wp\/v2\/posts\/10524\" method=\"post\"><div class=\"w-form-h\"><div class=\"w-form-row for_text cols_2\">\r\n\t\t<div class=\"w-form-row-field\">\r\n\t\t\t\t\t\t<input aria-label=\"Nom\" type=\"text\" name=\"us_form_1_text_1\" value placeholder=\"Nom\">\r\n\t\t\t<\/div>\r\n\t\t<div class=\"w-form-row-state\">&#1047;&#1072;&#1087;&#1086;&#1083;&#1085;&#1080;&#1090;&#1077; &#1087;&#1086;&#1083;&#1077;<\/div>\r\n<\/div>\r\n<div class=\"w-form-row for_text cols_2\">\r\n\t\t<div class=\"w-form-row-field\">\r\n\t\t\t\t\t\t<input aria-label=\"Objet\" type=\"text\" name=\"us_form_1_text_2\" value placeholder=\"Objet\">\r\n\t\t\t<\/div>\r\n\t\t<div class=\"w-form-row-state\">&#1047;&#1072;&#1087;&#1086;&#1083;&#1085;&#1080;&#1090;&#1077; &#1087;&#1086;&#1083;&#1077;<\/div>\r\n<\/div>\r\n<div class=\"w-form-row for_text cols_2\">\r\n\t\t<div class=\"w-form-row-field\">\r\n\t\t\t\t\t\t<input aria-label=\"T&eacute;l&eacute;phone\" inputmode=\"tel\" type=\"text\" name=\"us_form_1_text_3\" value placeholder=\"T&eacute;l&eacute;phone\">\r\n\t\t\t<\/div>\r\n\t\t<div class=\"w-form-row-state\">&#1047;&#1072;&#1087;&#1086;&#1083;&#1085;&#1080;&#1090;&#1077; &#1087;&#1086;&#1083;&#1077;<\/div>\r\n<\/div>\r\n<div class=\"w-form-row for_email cols_2\">\r\n\t\t<div class=\"w-form-row-field\">\r\n\t\t\t\t\t\t<input aria-label=\"E-mail\" type=\"email\" name=\"us_form_1_email_1\" value placeholder=\"E-mail\">\r\n\t\t\t<\/div>\r\n\t\t<div class=\"w-form-row-state\">&#1055;&#1086;&#1078;&#1072;&#1083;&#1091;&#1081;&#1089;&#1090;&#1072;, &#1074;&#1074;&#1077;&#1076;&#1080;&#1090;&#1077; &#1082;&#1086;&#1088;&#1088;&#1077;&#1082;&#1090;&#1085;&#1099;&#1081; &#1072;&#1076;&#1088;&#1077;&#1089; email.<\/div>\r\n<\/div>\r\n<div class=\"w-form-row for_textarea\">\r\n\t\t<div class=\"w-form-row-field\">\r\n\t\t\t\t\t\t<textarea aria-label=\"Message\" name=\"us_form_1_textarea_1\" placeholder=\"Message\"><\/textarea>\r\n\t\t\t<\/div>\r\n\t\t<div class=\"w-form-row-state\">&#1047;&#1072;&#1087;&#1086;&#1083;&#1085;&#1080;&#1090;&#1077; &#1087;&#1086;&#1083;&#1077;<\/div>\r\n<\/div>\r\n<div class=\"w-form-row for_agreement required\">\r\n\t\t<div class=\"w-form-row-field\">\r\n\t\t\t\t<label>\r\n\t\t\t<input type=\"checkbox\" value=\"1\" data-required=\"true\" aria-required=\"true\" name=\"us_form_1_agreement_1\">\r\n\t\t\t<span>En renseignant ce formulaire, j&rsquo;accepte que les informations saisies soient exploit&eacute;es dans le cadre de la demande de contact. Pour tout renseignement compl&eacute;mentaire sur les donn&eacute;es, voir notre <a href=\"\/mentions-legales\/\" target=\"_blank\" color=\"#fff\">politique de gestion des donn&eacute;es personnelles.<\/a><\/span>\r\n\t\t<\/label>\r\n\t\t\t<\/div>\r\n\t\t<div class=\"w-form-row-state\">&#1042;&#1099; &#1076;&#1086;&#1083;&#1078;&#1085;&#1099; &#1089;&#1086;&#1075;&#1083;&#1072;&#1089;&#1080;&#1090;&#1100;&#1089;&#1103; &#1089; &#1091;&#1089;&#1083;&#1086;&#1074;&#1080;&#1103;&#1084;&#1080; &#1076;&#1083;&#1103; &#1087;&#1088;&#1086;&#1076;&#1086;&#1083;&#1078;&#1077;&#1085;&#1080;&#1103;<\/div>\r\n<\/div>\r\n<input type=\"hidden\" name=\"action\" value=\"us_ajax_cform\">\r\n<input type=\"hidden\" name=\"post_id\" value=\"9152\">\r\n<input type=\"hidden\" name=\"form_index\" value=\"1\">\r\n<div class=\"w-form-row for_submit align_center\">\r\n\t<button class=\"w-btn  us-btn-style_28\" aria-label=\"&#1054;&#1090;&#1087;&#1088;&#1072;&#1074;&#1080;&#1090;&#1100;\" type=\"submit\">\r\n\t\t<span class=\"g-preloader type_1\"><\/span>\r\n\t\t\t\t<span class=\"w-btn-label\">&#1054;&#1090;&#1087;&#1088;&#1072;&#1074;&#1080;&#1090;&#1100;<\/span>\r\n\t\t\t<\/button>\r\n\t<\/div>\r\n<\/div><div class=\"w-form-message\"><\/div><div class=\"w-form-json hidden\" onclick='return {\"ajaxurl\":\"https:\\\/\\\/groupehyperion.com\\\/wp-admin\\\/admin-ajax.php\",\"messages\":{\"err_empty\":\"\\u0417\\u0430\\u043f\\u043e\\u043b\\u043d\\u0438\\u0442\\u0435 \\u043f\\u043e\\u043b\\u0435\",\"err_size\":\"\\u0420\\u0430\\u0437\\u043c\\u0435\\u0440 \\u0444\\u0430\\u0439\\u043b\\u0430 \\u043d\\u0435 \\u043c\\u043e\\u0436\\u0435\\u0442 \\u043f\\u0440\\u0435\\u0432\\u044b\\u0448\\u0430\\u0442\\u044c %s \\u041c\\u0411\",\"err_extension\":\"%s \\u043d\\u0435\\u0434\\u043e\\u043f\\u0443\\u0441\\u0442\\u0438\\u043c\\u044b\\u0439 \\u0442\\u0438\\u043f \\u0444\\u0430\\u0439\\u043b\\u0430\",\"err_recaptcha_keys\":\"\\u041d\\u0435\\u043a\\u043e\\u0440\\u0440\\u0435\\u043a\\u0442\\u043d\\u044b\\u0435 \\u043a\\u043b\\u044e\\u0447\\u0438 reCAPTCHA\"}}'><\/div><\/form><\/div><\/div><\/div><\/div><\/section>\n<\/div><\/div><div class=\"wpb_column vc_column_container\"><div class=\"vc_column-inner\"><\/div><\/div><\/div><\/div><\/section><section class=\"l-section wpb_row height_custom\"><div class=\"l-section-h i-cf\"><div class=\"g-cols vc_row via_grid cols_1 laptops-cols_inherit tablets-cols_inherit mobiles-cols_1 valign_top type_default stacking_default\"><div class=\"wpb_column vc_column_container\"><div class=\"vc_column-inner\"><\/div><\/div><\/div><\/div><\/section><section class=\"l-section wpb_row height_custom\"><div class=\"l-section-h i-cf\"><div class=\"g-cols vc_row via_grid cols_1 laptops-cols_inherit tablets-cols_inherit mobiles-cols_1 valign_top type_default stacking_default\"><div class=\"wpb_column vc_column_container\"><div class=\"vc_column-inner\"><\/div><\/div><\/div><\/div><\/section><section class=\"l-section wpb_row height_custom\"><div class=\"l-section-h i-cf\"><div class=\"g-cols vc_row via_grid cols_1 laptops-cols_inherit tablets-cols_inherit mobiles-cols_1 valign_top type_default stacking_default\"><div class=\"wpb_column vc_column_container\"><div class=\"vc_column-inner\"><div class=\"w-separator size_small\"><\/div><\/div><\/div><\/div><\/div><\/section><section class=\"l-section wpb_row height_custom\"><div class=\"l-section-h i-cf\"><div class=\"g-cols vc_row via_grid cols_1 laptops-cols_inherit tablets-cols_inherit mobiles-cols_1 valign_top type_default stacking_default\"><div class=\"wpb_column vc_column_container\"><div class=\"vc_column-inner\"><h2 class=\"w-text us_custom_f089f0d6\"><span class=\"w-text-h\"><span class=\"w-text-value\">Pour revoir la vid&eacute;o, c&rsquo;et pas ici :<\/span><\/span><\/h2><div class=\"w-separator size_small\"><\/div><div class=\"w-video align_center ratio_16x9 with_overlay has_iframe\" style=\"background-image:url(https:\/\/groupehyperion.com\/wp-content\/uploads\/2025\/12\/Detective-prive-hyperion-montpellier-passage-tv-tf1-reportage-france-2025.webp);\" onclick='return {\"player_id\":\"youtube-d75c\",\"player_api\":\"\\\/\\\/www.youtube.com\\\/player_api\",\"player_html\":\"&lt;div id=\\\"youtube-d75c\\\"&gt;&lt;\\\/div&gt;&lt;script&gt;\\r\\n\\t\\t\\twindow.USYTPlayers = ( window.USYTPlayers || { initYTFunctions: [], optionsYT: [], USYTInited: false } );\\r\\n\\t\\t\\twindow.USYTPlayers.optionsYT.push( {\\r\\n\\t\\t\\t\\tplayerID: \\\"youtube-d75c\\\",\\r\\n\\t\\t\\t\\tvideoID: \\\"SI7dhIydjQ0\\\",\\r\\n\\t\\t\\t\\tplayerVars: {\\\"autoplay\\\":1,\\\"controls\\\":1,\\\"origin\\\":\\\"https:\\\\\\\/\\\\\\\/groupehyperion.com\\\\\\\/ru\\\",\\\"loop\\\":0,\\\"mute\\\":0,\\\"playlist\\\":\\\"SI7dhIydjQ0\\\"}\\r\\n\\t\\t\\t} );\\r\\n\\t\\t\\tif ( window.USYTPlayers.USYTInited === false ) {\\r\\n\\t\\t\\t\\t\\\/\\\/ Trying to override other possible WP YT API calls if our element is used\\r\\n\\t\\t\\t\\twindow.USYTPlayers.USYTInited = true;\\r\\n\\r\\n\\t\\t\\t\\twindow.onYouTubePlayerAPIReady = function() {\\r\\n\\t\\t\\t\\t\\tfor ( var i in window.USYTPlayers.optionsYT ) {\\r\\n\\t\\t\\t\\t\\t\\tvar _playerParams = window.USYTPlayers.optionsYT[ i ];\\r\\n\\t\\t\\t\\t\\t\\t$us.YTPlayers[ _playerParams.playerID ] = new YT.Player( _playerParams.playerID, {\\r\\n\\t\\t\\t\\t\\t\\t\\tvideoId: _playerParams.videoID,\\r\\n\\t\\t\\t\\t\\t\\t\\tplayerVars: _playerParams.playerVars\\r\\n\\t\\t\\t\\t\\t\\t} );\\r\\n\\t\\t\\t\\t\\t}\\r\\n\\t\\t\\t\\t}\\r\\n\\t\\t\\t}\\r\\n\\t\\t\\tif ( !!window.YT ) {\\r\\n\\t\\t\\t\\t$us.YTPlayers[\\\"youtube-d75c\\\"] = new YT.Player( \\\"youtube-d75c\\\", {\\r\\n\\t\\t\\t\\t\\tvideoId: \\\"SI7dhIydjQ0\\\",\\r\\n\\t\\t\\t\\t\\tplayerVars: {\\\"autoplay\\\":1,\\\"controls\\\":1,\\\"origin\\\":\\\"https:\\\\\\\/\\\\\\\/groupehyperion.com\\\\\\\/ru\\\",\\\"loop\\\":0,\\\"mute\\\":0,\\\"playlist\\\":\\\"SI7dhIydjQ0\\\"}\\r\\n\\t\\t\\t\\t} );\\r\\n\\t\\t\\t}\\r\\n\\t\\t&lt;\\\/script&gt;\"}'><div class=\"w-video-h\"><\/div><div class=\"w-video-icon\" style=\"font-size:1.5rem;background:rgba(0,0,0,0.5);color:#fff\"><\/div><\/div><\/div><\/div><\/div><\/div><\/section>\n","protected":false},"excerpt":{"rendered":"<p>Jeremy Fontanille, directeur du Groupe Hyperion &agrave; Montpellier, pr&eacute;sente une enqu&ecirc;te r&eacute;elle au JT de TF1. D&eacute;couvrez les coulisses d&rsquo;une investigation sur un <a class=\"glossaryLink\" title=\"Lexique: Arr&ecirc;t Maladie Abusif\" href=\"https:\/\/groupehyperion.com\/ru\/lexique\/cnaps\/\" data-gt-translate-attributes='[{\"attribute\":\"data-cmtooltip\", \"format\":\"html\"}]' tabindex=\"0\" role=\"link\">arr&ecirc;t maladie abusif<\/a>.<\/p>\n","protected":false},"author":1,"featured_media":10526,"comment_status":"closed","ping_status":"closed","sticky":false,"template":"","format":"standard","meta":{"footnotes":""},"categories":[24,32,26],"tags":[],"class_list":["post-10524","post","type-post","status-publish","format-standard","has-post-thumbnail","hentry","category-le-groupe-hyperion","category-presse","category-professionnels"],"yoast_head":"<!-- This site is optimized with the Yoast SEO plugin v27.5 - https:\/\/yoast.com\/product\/yoast-seo-wordpress\/ -->\n<title>D\u00e9tective Priv\u00e9 Montpellier : Reportage TF1 | Groupe Hyperion<\/title>\n<meta name=\"description\" content=\"Jeremy Fontanille du Groupe Hyperion, d\u00e9tective priv\u00e9 \u00e0 Montpellier, pr\u00e9sente une enqu\u00eate r\u00e9elle au JT de TF1. D\u00e9couvrez les coulisses du m\u00e9tier.\" \/>\n<meta name=\"robots\" content=\"index, follow, max-snippet:-1, max-image-preview:large, max-video-preview:-1\" \/>\n<link rel=\"canonical\" href=\"https:\/\/groupehyperion.com\/ru\/le-groupe-hyperion-au-jt-de-tf1-quand-un-detective-prive-de-montpellier-presente-une-enquete-reelle\/\" \/>\n<meta property=\"og:locale\" content=\"ru_RU\" \/>\n<meta property=\"og:type\" content=\"article\" \/>\n<meta property=\"og:title\" content=\"D\u00e9tective Priv\u00e9 Montpellier : Reportage TF1 | Groupe Hyperion\" \/>\n<meta property=\"og:description\" content=\"Jeremy Fontanille du Groupe Hyperion, d\u00e9tective priv\u00e9 \u00e0 Montpellier, pr\u00e9sente une enqu\u00eate r\u00e9elle au JT de TF1. D\u00e9couvrez les coulisses du m\u00e9tier.\" \/>\n<meta property=\"og:url\" content=\"https:\/\/groupehyperion.com\/ru\/le-groupe-hyperion-au-jt-de-tf1-quand-un-detective-prive-de-montpellier-presente-une-enquete-reelle\/\" \/>\n<meta property=\"og:site_name\" content=\"Groupe Hyperion\" \/>\n<meta property=\"article:published_time\" content=\"2025-12-19T08:15:59+00:00\" \/>\n<meta property=\"article:modified_time\" content=\"2025-12-19T08:18:39+00:00\" \/>\n<meta property=\"og:image\" content=\"https:\/\/groupehyperion.com\/wp-content\/uploads\/2025\/12\/Detective-prive-hyperion-montpellier-passage-tv-tf1-reportage-france-2025.webp\" \/>\n\t<meta property=\"og:image:width\" content=\"1024\" \/>\n\t<meta property=\"og:image:height\" content=\"649\" \/>\n\t<meta property=\"og:image:type\" content=\"image\/webp\" \/>\n<meta name=\"author\" content=\"Hyperion\" \/>\n<meta name=\"twitter:card\" content=\"summary_large_image\" \/>\n<meta name=\"twitter:label1\" content=\"\u041d\u0430\u043f\u0438\u0441\u0430\u043d\u043e \u0430\u0432\u0442\u043e\u0440\u043e\u043c\" \/>\n\t<meta name=\"twitter:data1\" content=\"Hyperion\" \/>\n\t<meta name=\"twitter:label2\" content=\"\u041f\u0440\u0438\u043c\u0435\u0440\u043d\u043e\u0435 \u0432\u0440\u0435\u043c\u044f \u0434\u043b\u044f \u0447\u0442\u0435\u043d\u0438\u044f\" \/>\n\t<meta name=\"twitter:data2\" content=\"8 \u043c\u0438\u043d\u0443\u0442\" \/>\n<script type=\"application\/ld+json\" class=\"yoast-schema-graph\">{\"@context\":\"https:\\\/\\\/schema.org\",\"@graph\":[{\"@type\":\"Article\",\"@id\":\"https:\\\/\\\/groupehyperion.com\\\/ru\\\/le-groupe-hyperion-au-jt-de-tf1-quand-un-detective-prive-de-montpellier-presente-une-enquete-reelle\\\/#article\",\"isPartOf\":{\"@id\":\"https:\\\/\\\/groupehyperion.com\\\/ru\\\/le-groupe-hyperion-au-jt-de-tf1-quand-un-detective-prive-de-montpellier-presente-une-enquete-reelle\\\/\"},\"author\":{\"name\":\"Hyperion\",\"@id\":\"https:\\\/\\\/groupehyperion.com\\\/ru\\\/#\\\/schema\\\/person\\\/06c2b312a1673e83f2e20ce505d8ac29\"},\"headline\":\"Le Groupe Hyperion au JT de TF1 : quand un d\u00e9tective priv\u00e9 de Montpellier pr\u00e9sente une enqu\u00eate r\u00e9elle\",\"datePublished\":\"2025-12-19T08:15:59+00:00\",\"dateModified\":\"2025-12-19T08:18:39+00:00\",\"mainEntityOfPage\":{\"@id\":\"https:\\\/\\\/groupehyperion.com\\\/ru\\\/le-groupe-hyperion-au-jt-de-tf1-quand-un-detective-prive-de-montpellier-presente-une-enquete-reelle\\\/\"},\"wordCount\":1940,\"publisher\":{\"@id\":\"https:\\\/\\\/groupehyperion.com\\\/ru\\\/#organization\"},\"image\":{\"@id\":\"https:\\\/\\\/groupehyperion.com\\\/ru\\\/le-groupe-hyperion-au-jt-de-tf1-quand-un-detective-prive-de-montpellier-presente-une-enquete-reelle\\\/#primaryimage\"},\"thumbnailUrl\":\"https:\\\/\\\/groupehyperion.com\\\/wp-content\\\/uploads\\\/2025\\\/12\\\/Detective-prive-hyperion-montpellier-passage-tv-tf1-reportage-france-2025.webp\",\"articleSection\":[\"Le Groupe\",\"Presse\",\"Professionnels\"],\"inLanguage\":\"ru-RU\"},{\"@type\":\"WebPage\",\"@id\":\"https:\\\/\\\/groupehyperion.com\\\/ru\\\/le-groupe-hyperion-au-jt-de-tf1-quand-un-detective-prive-de-montpellier-presente-une-enquete-reelle\\\/\",\"url\":\"https:\\\/\\\/groupehyperion.com\\\/ru\\\/le-groupe-hyperion-au-jt-de-tf1-quand-un-detective-prive-de-montpellier-presente-une-enquete-reelle\\\/\",\"name\":\"D\u00e9tective Priv\u00e9 Montpellier : Reportage TF1 | Groupe Hyperion\",\"isPartOf\":{\"@id\":\"https:\\\/\\\/groupehyperion.com\\\/ru\\\/#website\"},\"primaryImageOfPage\":{\"@id\":\"https:\\\/\\\/groupehyperion.com\\\/ru\\\/le-groupe-hyperion-au-jt-de-tf1-quand-un-detective-prive-de-montpellier-presente-une-enquete-reelle\\\/#primaryimage\"},\"image\":{\"@id\":\"https:\\\/\\\/groupehyperion.com\\\/ru\\\/le-groupe-hyperion-au-jt-de-tf1-quand-un-detective-prive-de-montpellier-presente-une-enquete-reelle\\\/#primaryimage\"},\"thumbnailUrl\":\"https:\\\/\\\/groupehyperion.com\\\/wp-content\\\/uploads\\\/2025\\\/12\\\/Detective-prive-hyperion-montpellier-passage-tv-tf1-reportage-france-2025.webp\",\"datePublished\":\"2025-12-19T08:15:59+00:00\",\"dateModified\":\"2025-12-19T08:18:39+00:00\",\"description\":\"Jeremy Fontanille du Groupe Hyperion, d\u00e9tective priv\u00e9 \u00e0 Montpellier, pr\u00e9sente une enqu\u00eate r\u00e9elle au JT de TF1. D\u00e9couvrez les coulisses du m\u00e9tier.\",\"breadcrumb\":{\"@id\":\"https:\\\/\\\/groupehyperion.com\\\/ru\\\/le-groupe-hyperion-au-jt-de-tf1-quand-un-detective-prive-de-montpellier-presente-une-enquete-reelle\\\/#breadcrumb\"},\"inLanguage\":\"ru-RU\",\"potentialAction\":[{\"@type\":\"ReadAction\",\"target\":[\"https:\\\/\\\/groupehyperion.com\\\/ru\\\/le-groupe-hyperion-au-jt-de-tf1-quand-un-detective-prive-de-montpellier-presente-une-enquete-reelle\\\/\"]}]},{\"@type\":\"ImageObject\",\"inLanguage\":\"ru-RU\",\"@id\":\"https:\\\/\\\/groupehyperion.com\\\/ru\\\/le-groupe-hyperion-au-jt-de-tf1-quand-un-detective-prive-de-montpellier-presente-une-enquete-reelle\\\/#primaryimage\",\"url\":\"https:\\\/\\\/groupehyperion.com\\\/wp-content\\\/uploads\\\/2025\\\/12\\\/Detective-prive-hyperion-montpellier-passage-tv-tf1-reportage-france-2025.webp\",\"contentUrl\":\"https:\\\/\\\/groupehyperion.com\\\/wp-content\\\/uploads\\\/2025\\\/12\\\/Detective-prive-hyperion-montpellier-passage-tv-tf1-reportage-france-2025.webp\",\"width\":1024,\"height\":649,\"caption\":\"Jeremy Fontanille d\u00e9tectiv\u00e9 priv\u00e9 \u00e0 Montpellier en reportage avec TF1 sur le sujet d'un arr\u00eat maladie abusif en france\"},{\"@type\":\"BreadcrumbList\",\"@id\":\"https:\\\/\\\/groupehyperion.com\\\/ru\\\/le-groupe-hyperion-au-jt-de-tf1-quand-un-detective-prive-de-montpellier-presente-une-enquete-reelle\\\/#breadcrumb\",\"itemListElement\":[{\"@type\":\"ListItem\",\"position\":1,\"name\":\"Accueil\",\"item\":\"https:\\\/\\\/groupehyperion.com\\\/\"},{\"@type\":\"ListItem\",\"position\":2,\"name\":\"Le Groupe Hyperion au JT de TF1 : quand un d\u00e9tective priv\u00e9 de Montpellier pr\u00e9sente une enqu\u00eate r\u00e9elle\"}]},{\"@type\":\"WebSite\",\"@id\":\"https:\\\/\\\/groupehyperion.com\\\/ru\\\/#website\",\"url\":\"https:\\\/\\\/groupehyperion.com\\\/ru\\\/\",\"name\":\"Groupe Hyperion\",\"description\":\"D\u00e9tective Priv\u00e9 Montpellier\",\"publisher\":{\"@id\":\"https:\\\/\\\/groupehyperion.com\\\/ru\\\/#organization\"},\"potentialAction\":[{\"@type\":\"SearchAction\",\"target\":{\"@type\":\"EntryPoint\",\"urlTemplate\":\"https:\\\/\\\/groupehyperion.com\\\/ru\\\/?s={search_term_string}\"},\"query-input\":{\"@type\":\"PropertyValueSpecification\",\"valueRequired\":true,\"valueName\":\"search_term_string\"}}],\"inLanguage\":\"ru-RU\"},{\"@type\":\"Organization\",\"@id\":\"https:\\\/\\\/groupehyperion.com\\\/ru\\\/#organization\",\"name\":\"Groupe Hyperion\",\"alternateName\":\"GROUPE HYPERION\",\"url\":\"https:\\\/\\\/groupehyperion.com\\\/ru\\\/\",\"logo\":{\"@type\":\"ImageObject\",\"inLanguage\":\"ru-RU\",\"@id\":\"https:\\\/\\\/groupehyperion.com\\\/ru\\\/#\\\/schema\\\/logo\\\/image\\\/\",\"url\":\"https:\\\/\\\/groupehyperion.com\\\/wp-content\\\/uploads\\\/2025\\\/01\\\/Goupe-Hyperion-detective-prive-montpellier-logo-coul-web-01.png\",\"contentUrl\":\"https:\\\/\\\/groupehyperion.com\\\/wp-content\\\/uploads\\\/2025\\\/01\\\/Goupe-Hyperion-detective-prive-montpellier-logo-coul-web-01.png\",\"width\":474,\"height\":263,\"caption\":\"Groupe Hyperion\"},\"image\":{\"@id\":\"https:\\\/\\\/groupehyperion.com\\\/ru\\\/#\\\/schema\\\/logo\\\/image\\\/\"}},{\"@type\":\"Person\",\"@id\":\"https:\\\/\\\/groupehyperion.com\\\/ru\\\/#\\\/schema\\\/person\\\/06c2b312a1673e83f2e20ce505d8ac29\",\"name\":\"Hyperion\",\"image\":{\"@type\":\"ImageObject\",\"inLanguage\":\"ru-RU\",\"@id\":\"https:\\\/\\\/secure.gravatar.com\\\/avatar\\\/a356fb2d36cb4f530f4e4db5a3e299ff61fd379cda0a4b8518f93836e77d0cce?s=96&d=mm&r=g\",\"url\":\"https:\\\/\\\/secure.gravatar.com\\\/avatar\\\/a356fb2d36cb4f530f4e4db5a3e299ff61fd379cda0a4b8518f93836e77d0cce?s=96&d=mm&r=g\",\"contentUrl\":\"https:\\\/\\\/secure.gravatar.com\\\/avatar\\\/a356fb2d36cb4f530f4e4db5a3e299ff61fd379cda0a4b8518f93836e77d0cce?s=96&d=mm&r=g\",\"caption\":\"Hyperion\"},\"sameAs\":[\"https:\\\/\\\/www.detective-prive-france.fr\"]}]}<\/script>\n<!-- \/ Yoast SEO plugin. -->","yoast_head_json":{"title":"D\u00e9tective Priv\u00e9 Montpellier : Reportage TF1 | Groupe Hyperion","description":"Jeremy Fontanille du Groupe Hyperion, d\u00e9tective priv\u00e9 \u00e0 Montpellier, pr\u00e9sente une enqu\u00eate r\u00e9elle au JT de TF1. D\u00e9couvrez les coulisses du m\u00e9tier.","robots":{"index":"index","follow":"follow","max-snippet":"max-snippet:-1","max-image-preview":"max-image-preview:large","max-video-preview":"max-video-preview:-1"},"canonical":"https:\/\/groupehyperion.com\/ru\/le-groupe-hyperion-au-jt-de-tf1-quand-un-detective-prive-de-montpellier-presente-une-enquete-reelle\/","og_locale":"ru_RU","og_type":"article","og_title":"D\u00e9tective Priv\u00e9 Montpellier : Reportage TF1 | Groupe Hyperion","og_description":"Jeremy Fontanille du Groupe Hyperion, d\u00e9tective priv\u00e9 \u00e0 Montpellier, pr\u00e9sente une enqu\u00eate r\u00e9elle au JT de TF1. D\u00e9couvrez les coulisses du m\u00e9tier.","og_url":"https:\/\/groupehyperion.com\/ru\/le-groupe-hyperion-au-jt-de-tf1-quand-un-detective-prive-de-montpellier-presente-une-enquete-reelle\/","og_site_name":"Groupe Hyperion","article_published_time":"2025-12-19T08:15:59+00:00","article_modified_time":"2025-12-19T08:18:39+00:00","og_image":[{"width":1024,"height":649,"url":"https:\/\/groupehyperion.com\/wp-content\/uploads\/2025\/12\/Detective-prive-hyperion-montpellier-passage-tv-tf1-reportage-france-2025.webp","type":"image\/webp"}],"author":"Hyperion","twitter_card":"summary_large_image","twitter_misc":{"\u041d\u0430\u043f\u0438\u0441\u0430\u043d\u043e \u0430\u0432\u0442\u043e\u0440\u043e\u043c":"Hyperion","\u041f\u0440\u0438\u043c\u0435\u0440\u043d\u043e\u0435 \u0432\u0440\u0435\u043c\u044f \u0434\u043b\u044f \u0447\u0442\u0435\u043d\u0438\u044f":"8 \u043c\u0438\u043d\u0443\u0442"},"schema":{"@context":"https:\/\/schema.org","@graph":[{"@type":"Article","@id":"https:\/\/groupehyperion.com\/ru\/le-groupe-hyperion-au-jt-de-tf1-quand-un-detective-prive-de-montpellier-presente-une-enquete-reelle\/#article","isPartOf":{"@id":"https:\/\/groupehyperion.com\/ru\/le-groupe-hyperion-au-jt-de-tf1-quand-un-detective-prive-de-montpellier-presente-une-enquete-reelle\/"},"author":{"name":"Hyperion","@id":"https:\/\/groupehyperion.com\/ru\/#\/schema\/person\/06c2b312a1673e83f2e20ce505d8ac29"},"headline":"Le Groupe Hyperion au JT de TF1 : quand un d\u00e9tective priv\u00e9 de Montpellier pr\u00e9sente une enqu\u00eate r\u00e9elle","datePublished":"2025-12-19T08:15:59+00:00","dateModified":"2025-12-19T08:18:39+00:00","mainEntityOfPage":{"@id":"https:\/\/groupehyperion.com\/ru\/le-groupe-hyperion-au-jt-de-tf1-quand-un-detective-prive-de-montpellier-presente-une-enquete-reelle\/"},"wordCount":1940,"publisher":{"@id":"https:\/\/groupehyperion.com\/ru\/#organization"},"image":{"@id":"https:\/\/groupehyperion.com\/ru\/le-groupe-hyperion-au-jt-de-tf1-quand-un-detective-prive-de-montpellier-presente-une-enquete-reelle\/#primaryimage"},"thumbnailUrl":"https:\/\/groupehyperion.com\/wp-content\/uploads\/2025\/12\/Detective-prive-hyperion-montpellier-passage-tv-tf1-reportage-france-2025.webp","articleSection":["Le Groupe","Presse","Professionnels"],"inLanguage":"ru-RU"},{"@type":"WebPage","@id":"https:\/\/groupehyperion.com\/ru\/le-groupe-hyperion-au-jt-de-tf1-quand-un-detective-prive-de-montpellier-presente-une-enquete-reelle\/","url":"https:\/\/groupehyperion.com\/ru\/le-groupe-hyperion-au-jt-de-tf1-quand-un-detective-prive-de-montpellier-presente-une-enquete-reelle\/","name":"D\u00e9tective Priv\u00e9 Montpellier : Reportage TF1 | Groupe Hyperion","isPartOf":{"@id":"https:\/\/groupehyperion.com\/ru\/#website"},"primaryImageOfPage":{"@id":"https:\/\/groupehyperion.com\/ru\/le-groupe-hyperion-au-jt-de-tf1-quand-un-detective-prive-de-montpellier-presente-une-enquete-reelle\/#primaryimage"},"image":{"@id":"https:\/\/groupehyperion.com\/ru\/le-groupe-hyperion-au-jt-de-tf1-quand-un-detective-prive-de-montpellier-presente-une-enquete-reelle\/#primaryimage"},"thumbnailUrl":"https:\/\/groupehyperion.com\/wp-content\/uploads\/2025\/12\/Detective-prive-hyperion-montpellier-passage-tv-tf1-reportage-france-2025.webp","datePublished":"2025-12-19T08:15:59+00:00","dateModified":"2025-12-19T08:18:39+00:00","description":"Jeremy Fontanille du Groupe Hyperion, d\u00e9tective priv\u00e9 \u00e0 Montpellier, pr\u00e9sente une enqu\u00eate r\u00e9elle au JT de TF1. D\u00e9couvrez les coulisses du m\u00e9tier.","breadcrumb":{"@id":"https:\/\/groupehyperion.com\/ru\/le-groupe-hyperion-au-jt-de-tf1-quand-un-detective-prive-de-montpellier-presente-une-enquete-reelle\/#breadcrumb"},"inLanguage":"ru-RU","potentialAction":[{"@type":"ReadAction","target":["https:\/\/groupehyperion.com\/ru\/le-groupe-hyperion-au-jt-de-tf1-quand-un-detective-prive-de-montpellier-presente-une-enquete-reelle\/"]}]},{"@type":"ImageObject","inLanguage":"ru-RU","@id":"https:\/\/groupehyperion.com\/ru\/le-groupe-hyperion-au-jt-de-tf1-quand-un-detective-prive-de-montpellier-presente-une-enquete-reelle\/#primaryimage","url":"https:\/\/groupehyperion.com\/wp-content\/uploads\/2025\/12\/Detective-prive-hyperion-montpellier-passage-tv-tf1-reportage-france-2025.webp","contentUrl":"https:\/\/groupehyperion.com\/wp-content\/uploads\/2025\/12\/Detective-prive-hyperion-montpellier-passage-tv-tf1-reportage-france-2025.webp","width":1024,"height":649,"caption":"Jeremy Fontanille d\u00e9tectiv\u00e9 priv\u00e9 \u00e0 Montpellier en reportage avec TF1 sur le sujet d'un arr\u00eat maladie abusif en france"},{"@type":"BreadcrumbList","@id":"https:\/\/groupehyperion.com\/ru\/le-groupe-hyperion-au-jt-de-tf1-quand-un-detective-prive-de-montpellier-presente-une-enquete-reelle\/#breadcrumb","itemListElement":[{"@type":"ListItem","position":1,"name":"Accueil","item":"https:\/\/groupehyperion.com\/"},{"@type":"ListItem","position":2,"name":"Le Groupe Hyperion au JT de TF1 : quand un d\u00e9tective priv\u00e9 de Montpellier pr\u00e9sente une enqu\u00eate r\u00e9elle"}]},{"@type":"WebSite","@id":"https:\/\/groupehyperion.com\/ru\/#website","url":"https:\/\/groupehyperion.com\/ru\/","name":"\u0413\u0438\u043f\u0435\u0440\u0438\u043e\u043d \u0413\u0440\u0443\u043f\u043f","description":"\u0427\u0430\u0441\u0442\u043d\u044b\u0439 \u0434\u0435\u0442\u0435\u043a\u0442\u0438\u0432 \u041c\u043e\u043d\u043f\u0435\u043b\u044c\u0435","publisher":{"@id":"https:\/\/groupehyperion.com\/ru\/#organization"},"potentialAction":[{"@type":"SearchAction","target":{"@type":"EntryPoint","urlTemplate":"https:\/\/groupehyperion.com\/ru\/?s={search_term_string}"},"query-input":{"@type":"PropertyValueSpecification","valueRequired":true,"valueName":"search_term_string"}}],"inLanguage":"ru-RU"},{"@type":"Organization","@id":"https:\/\/groupehyperion.com\/ru\/#organization","name":"\u0413\u0438\u043f\u0435\u0440\u0438\u043e\u043d \u0413\u0440\u0443\u043f\u043f","alternateName":"GROUPE HYPERION","url":"https:\/\/groupehyperion.com\/ru\/","logo":{"@type":"ImageObject","inLanguage":"ru-RU","@id":"https:\/\/groupehyperion.com\/ru\/#\/schema\/logo\/image\/","url":"https:\/\/groupehyperion.com\/wp-content\/uploads\/2025\/01\/Goupe-Hyperion-detective-prive-montpellier-logo-coul-web-01.png","contentUrl":"https:\/\/groupehyperion.com\/wp-content\/uploads\/2025\/01\/Goupe-Hyperion-detective-prive-montpellier-logo-coul-web-01.png","width":474,"height":263,"caption":"Groupe Hyperion"},"image":{"@id":"https:\/\/groupehyperion.com\/ru\/#\/schema\/logo\/image\/"}},{"@type":"Person","@id":"https:\/\/groupehyperion.com\/ru\/#\/schema\/person\/06c2b312a1673e83f2e20ce505d8ac29","name":"\u0413\u0438\u043f\u0435\u0440\u0438\u043e\u043d","image":{"@type":"ImageObject","inLanguage":"ru-RU","@id":"https:\/\/secure.gravatar.com\/avatar\/a356fb2d36cb4f530f4e4db5a3e299ff61fd379cda0a4b8518f93836e77d0cce?s=96&d=mm&r=g","url":"https:\/\/secure.gravatar.com\/avatar\/a356fb2d36cb4f530f4e4db5a3e299ff61fd379cda0a4b8518f93836e77d0cce?s=96&d=mm&r=g","contentUrl":"https:\/\/secure.gravatar.com\/avatar\/a356fb2d36cb4f530f4e4db5a3e299ff61fd379cda0a4b8518f93836e77d0cce?s=96&d=mm&r=g","caption":"Hyperion"},"sameAs":["https:\/\/www.detective-prive-france.fr"]}]}},"_links":{"self":[{"href":"https:\/\/groupehyperion.com\/ru\/wp-json\/wp\/v2\/posts\/10524","targetHints":{"allow":["GET"]}}],"collection":[{"href":"https:\/\/groupehyperion.com\/ru\/wp-json\/wp\/v2\/posts"}],"about":[{"href":"https:\/\/groupehyperion.com\/ru\/wp-json\/wp\/v2\/types\/post"}],"author":[{"embeddable":true,"href":"https:\/\/groupehyperion.com\/ru\/wp-json\/wp\/v2\/users\/1"}],"replies":[{"embeddable":true,"href":"https:\/\/groupehyperion.com\/ru\/wp-json\/wp\/v2\/comments?post=10524"}],"version-history":[{"count":6,"href":"https:\/\/groupehyperion.com\/ru\/wp-json\/wp\/v2\/posts\/10524\/revisions"}],"predecessor-version":[{"id":10531,"href":"https:\/\/groupehyperion.com\/ru\/wp-json\/wp\/v2\/posts\/10524\/revisions\/10531"}],"wp:featuredmedia":[{"embeddable":true,"href":"https:\/\/groupehyperion.com\/ru\/wp-json\/wp\/v2\/media\/10526"}],"wp:attachment":[{"href":"https:\/\/groupehyperion.com\/ru\/wp-json\/wp\/v2\/media?parent=10524"}],"wp:term":[{"taxonomy":"category","embeddable":true,"href":"https:\/\/groupehyperion.com\/ru\/wp-json\/wp\/v2\/categories?post=10524"},{"taxonomy":"post_tag","embeddable":true,"href":"https:\/\/groupehyperion.com\/ru\/wp-json\/wp\/v2\/tags?post=10524"}],"curies":[{"name":"wp","href":"https:\/\/api.w.org\/{rel}","templated":true}]}}