{"id":10102,"date":"2025-03-25T10:51:31","date_gmt":"2025-03-25T10:51:31","guid":{"rendered":"https:\/\/groupehyperion.com\/?p=10102"},"modified":"2025-08-20T12:59:29","modified_gmt":"2025-08-20T12:59:29","slug":"passage-groupe-m6-zone-interdite-mars-2025","status":"publish","type":"post","link":"https:\/\/groupehyperion.com\/es\/passage-groupe-m6-zone-interdite-mars-2025\/","title":{"rendered":"\ud83d\udcfa Un repaso a mi paso por Zona Interdite: algunos detalles"},"content":{"rendered":"<section class=\"l-section wpb_row height_custom\"><div class=\"l-section-h i-cf\"><div class=\"g-cols vc_row via_grid cols_1 laptops-cols_inherit tablets-cols_inherit mobiles-cols_1 valign_top type_default stacking_default\"><div class=\"wpb_column vc_column_container\"><div class=\"vc_column-inner\"><\/div><\/div><\/div><\/div><\/section><section class=\"l-section wpb_row height_custom\"><div class=\"l-section-h i-cf\"><div class=\"g-cols vc_row via_grid cols_1 laptops-cols_inherit tablets-cols_inherit mobiles-cols_1 valign_top type_default stacking_default\"><div class=\"wpb_column vc_column_container\"><div class=\"vc_column-inner\"><div class=\"wpb_text_column us_custom_49dde2ec\"><div class=\"wpb_wrapper\"><p><strong>Anoche, M6 emiti\u00f3 un reportaje en Zona Interdite dedicado a los detectives privados. Durante varios meses, acept\u00e9 que me siguieran los periodistas para mostrar la realidad de mi profesi\u00f3n, lejos de los t\u00f3picos y las fantas\u00edas.<\/strong><\/p>\n<p><span style=\"color: #002147;\">&#128269; <strong>\u00bfPor qu\u00e9 decidi\u00f3 declarar abiertamente?<\/strong><br>\n<\/span><span>Es una pregunta que surge a menudo. En nuestra profesi\u00f3n, la discreci\u00f3n es esencial, y muchos colegas prefieren permanecer en la sombra. Pero yo he tomado la decisi\u00f3n contraria, con la conciencia tranquila. \u00bfPor qu\u00e9? Porque nuestra profesi\u00f3n sigue siendo demasiado poco conocida y a veces incomprendida, y creo que es importante presentarla como realmente es. No somos ni justicieros ni esp\u00edas, sino profesionales sujetos a normas estrictas, que a menudo trabajan en colaboraci\u00f3n con abogados y magistrados.<\/span><span><br>\n<\/span><span><br>\n<\/span><span style=\"color: #002147;\"><strong>\ud83c\udfac Edici\u00f3n final: decisiones editoriales<br>\n<\/strong><\/span><span>Como cualquier reportaje, \u00e9ste requiri\u00f3 muchas horas de rodaje y, al final, se edit\u00f3 a la baja. Algunas secuencias especialmente importantes para m\u00ed, como las que muestran mi trabajo con un abogado y mis conferencias en la facultad de Derecho, no se conservaron. Me hubiera gustado que se destacaran estos aspectos, porque ilustran una faceta esencial de nuestra profesi\u00f3n: nuestro anclaje en el marco jur\u00eddico y nuestro v\u00ednculo con la ley.<\/span><span><br>\n<\/span><span>Pero esa es tambi\u00e9n la regla del juego cuando aceptas que te filmen. No controlamos el montaje final, y tenemos que aceptarlo. El objetivo principal era mostrar una parte de nuestra vida cotidiana, y creo que en gran medida se ha conseguido.<\/span><span><br>\n<\/span><span><br>\n<\/span><strong><span style=\"color: #002147;\">\ud83d\udce2 Una oportunidad para dar a conocer nuestra profesi\u00f3n<br>\n<\/span><\/strong><span>M\u00e1s all\u00e1 de estas elecciones editoriales, este reportaje ten\u00eda el m\u00e9rito de poner de relieve la profesi\u00f3n de detective privado y su papel en la b\u00fasqueda de la verdad. Es una profesi\u00f3n fascinante y exigente, que a veces se malinterpreta. Espero que este documental haya permitido a algunas personas comprender mejor nuestro compromiso y nuestra \u00e9tica de trabajo.<\/span><span><br>\n<\/span><span><br>\n<\/span><span>Gracias a todos los que se han tomado la molestia de ver y debatir este n\u00famero. Sus comentarios son siempre inestimables.<\/span><span><br>\n<\/span><span><br>\n<\/span><span>con<\/span><span class=\"white-space-pre\"> el <strong><a href=\"https:\/\/www.groupem6.fr\/fr\/\" target=\"_blank\" rel=\"noopener\">Grupo M6<\/a> <\/strong>y<\/span><strong><a href=\"https:\/\/www.astrategie.com\/\" target=\"_blank\" rel=\"noopener\"><span class=\"white-space-pre\"> Estrategia Aquila<\/span><\/a><\/strong><\/p>\n<\/div><\/div><section class=\"l-section wpb_row height_small width_full\"><div class=\"l-section-h i-cf\"><div class=\"g-cols vc_row via_grid cols_1 laptops-cols_inherit tablets-cols_inherit mobiles-cols_1 valign_top type_default stacking_default\"><div class=\"wpb_column vc_column_container\"><div class=\"vc_column-inner\"><div class=\"wpb_text_column us_custom_99d5a672 has_text_color\"><div class=\"wpb_wrapper\"><h2>P\u00f3ngase en contacto con el Grupo Hyp\u00e9rion para obtener m\u00e1s informaci\u00f3n o un presupuesto gratuito.<\/h2>\n<p>&nbsp;<\/p>\n<\/div><\/div><div class=\"wpb_text_column us_custom_49beb644\"><div class=\"wpb_wrapper\"><p>Rellene el siguiente formulario para mayor eficacia. Le llamaremos lo antes posible.<\/p>\n<\/div><\/div><form class=\"w-form  us-field-style_1 us_custom_72fc42ef layout_ver for_cform us_form_1\" autocomplete=\"off\" action=\"https:\/\/groupehyperion.com\/es\/es\/wp-json\/wp\/v2\/posts\/10102\" method=\"post\" data-trp-original-action=\"https:\/\/groupehyperion.com\/es\/es\/wp-json\/wp\/v2\/posts\/10102\"><div class=\"w-form-h\"><div class=\"w-form-row for_text cols_2\">\r\n\t\t<div class=\"w-form-row-field\">\r\n\t\t\t\t\t\t<input aria-label=\"Nombre\" type=\"text\" name=\"us_form_1_text_1\" value placeholder=\"Nombre\">\r\n\t\t\t<\/div>\r\n\t\t<div class=\"w-form-row-state\">Rellena este campo<\/div>\r\n<\/div>\r\n<div class=\"w-form-row for_text cols_2\">\r\n\t\t<div class=\"w-form-row-field\">\r\n\t\t\t\t\t\t<input aria-label=\"Objeto\" type=\"text\" name=\"us_form_1_text_2\" value placeholder=\"Objeto\">\r\n\t\t\t<\/div>\r\n\t\t<div class=\"w-form-row-state\">Rellena este campo<\/div>\r\n<\/div>\r\n<div class=\"w-form-row for_text cols_2\">\r\n\t\t<div class=\"w-form-row-field\">\r\n\t\t\t\t\t\t<input aria-label=\"Tel\u00e9fono\" inputmode=\"tel\" type=\"text\" name=\"us_form_1_text_3\" value placeholder=\"Tel\u00e9fono\">\r\n\t\t\t<\/div>\r\n\t\t<div class=\"w-form-row-state\">Rellena este campo<\/div>\r\n<\/div>\r\n<div class=\"w-form-row for_email cols_2\">\r\n\t\t<div class=\"w-form-row-field\">\r\n\t\t\t\t\t\t<input aria-label=\"Correo electr\u00f3nico\" type=\"email\" name=\"us_form_1_email_1\" value placeholder=\"Correo electr\u00f3nico\">\r\n\t\t\t<\/div>\r\n\t\t<div class=\"w-form-row-state\">Introduzca una direcci\u00f3n de correo electr\u00f3nico v\u00e1lida.<\/div>\r\n<\/div>\r\n<div class=\"w-form-row for_textarea\">\r\n\t\t<div class=\"w-form-row-field\">\r\n\t\t\t\t\t\t<textarea aria-label=\"Mensaje\" name=\"us_form_1_textarea_1\" placeholder=\"Mensaje\"><\/textarea>\r\n\t\t\t<\/div>\r\n\t\t<div class=\"w-form-row-state\">Rellena este campo<\/div>\r\n<\/div>\r\n<div class=\"w-form-row for_agreement required\">\r\n\t\t<div class=\"w-form-row-field\">\r\n\t\t\t\t<label>\r\n\t\t\t<input type=\"checkbox\" value=\"1\" data-required=\"true\" aria-required=\"true\" name=\"us_form_1_agreement_1\">\r\n\t\t\t<span>Al rellenar este formulario, acepto que los datos introducidos se utilicen en relaci\u00f3n con la solicitud de contacto. Para m\u00e1s informaci\u00f3n sobre los datos, consulte nuestro <a href=\"\/es\/mentions-legales\/\" target=\"_blank\" color=\"#fff\">pol\u00edtica de gesti\u00f3n de datos personales.<\/a><\/span>\r\n\t\t<\/label>\r\n\t\t\t<\/div>\r\n\t\t<div class=\"w-form-row-state\">Tienes que aprobar los t\u00e9rminos para continuar<\/div>\r\n<\/div>\r\n<input type=\"hidden\" name=\"action\" value=\"us_ajax_cform\">\r\n<input type=\"hidden\" name=\"post_id\" value=\"9152\">\r\n<input type=\"hidden\" name=\"form_index\" value=\"1\">\r\n<div class=\"w-form-row for_submit align_center\">\r\n\t<button class=\"w-btn  us-btn-style_28\" aria-label=\"Enviar\" type=\"submit\">\r\n\t\t<span class=\"g-preloader type_1\"><\/span>\r\n\t\t\t\t<span class=\"w-btn-label\">Enviar<\/span>\r\n\t\t\t<\/button>\r\n\t<\/div>\r\n<\/div><div class=\"w-form-message\"><\/div><div class=\"w-form-json hidden\" onclick='return {\"ajaxurl\":\"https:\\\/\\\/groupehyperion.com\\\/wp-admin\\\/admin-ajax.php\",\"messages\":{\"err_empty\":\"Rellena este campo\",\"err_size\":\"El tama\\u00f1o del archivo no puede exceder %s MB\",\"err_extension\":\"El tipo de archivo %s no est\\u00e1 permitido\",\"err_recaptcha_keys\":\"Las claves de reCAPTCHA son incorrectas\"}}'><\/div><input type=\"hidden\" name=\"trp-form-language\" value=\"es\"\/><\/form><\/div><\/div><\/div><\/div><\/section>\n<\/div><\/div><\/div><\/div><\/section><section class=\"l-section wpb_row height_custom\"><div class=\"l-section-h i-cf\"><div class=\"g-cols vc_row via_grid cols_1 laptops-cols_inherit tablets-cols_inherit mobiles-cols_1 valign_top type_default stacking_default\"><div class=\"wpb_column vc_column_container\"><div class=\"vc_column-inner\"><\/div><\/div><\/div><\/div><\/section>","protected":false},"excerpt":{"rendered":"<p>Descubra los 10 puntos clave para elegir un detective privado en Francia y evitar estafas. Una gu\u00eda esencial para garantizar investigaciones legales, fiables y adaptadas a sus necesidades personales, profesionales o colectivas.<\/p>","protected":false},"author":2,"featured_media":10103,"comment_status":"open","ping_status":"open","sticky":false,"template":"","format":"standard","meta":{"footnotes":""},"categories":[24,32],"tags":[],"class_list":["post-10102","post","type-post","status-publish","format-standard","has-post-thumbnail","hentry","category-le-groupe-hyperion","category-presse"],"yoast_head":"<!-- This site is optimized with the Yoast SEO plugin v27.5 - https:\/\/yoast.com\/product\/yoast-seo-wordpress\/ -->\n<title>Retour sur mon passage dans Zone Interdite : quelques pr\u00e9cisions<\/title>\n<meta name=\"description\" content=\"M6 a diffus\u00e9 un reportage de Zone Interdite consacr\u00e9 aux d\u00e9tectives priv\u00e9s, afin de montrer la r\u00e9alit\u00e9 du m\u00e9tier.\" \/>\n<meta name=\"robots\" content=\"index, follow, max-snippet:-1, max-image-preview:large, max-video-preview:-1\" \/>\n<link rel=\"canonical\" href=\"https:\/\/groupehyperion.com\/es\/passage-groupe-m6-zone-interdite-mars-2025\/\" \/>\n<meta property=\"og:locale\" content=\"es_ES\" \/>\n<meta property=\"og:type\" content=\"article\" \/>\n<meta property=\"og:title\" content=\"Retour sur mon passage dans Zone Interdite : quelques pr\u00e9cisions\" \/>\n<meta property=\"og:description\" content=\"M6 a diffus\u00e9 un reportage de Zone Interdite consacr\u00e9 aux d\u00e9tectives priv\u00e9s, afin de montrer la r\u00e9alit\u00e9 du m\u00e9tier.\" \/>\n<meta property=\"og:url\" content=\"https:\/\/groupehyperion.com\/es\/passage-groupe-m6-zone-interdite-mars-2025\/\" \/>\n<meta property=\"og:site_name\" content=\"Groupe Hyperion\" \/>\n<meta property=\"article:published_time\" content=\"2025-03-25T10:51:31+00:00\" \/>\n<meta property=\"article:modified_time\" content=\"2025-08-20T12:59:29+00:00\" \/>\n<meta property=\"og:image\" content=\"https:\/\/groupehyperion.com\/wp-content\/uploads\/2025\/03\/groupe-hyperion-M6.jpg\" \/>\n\t<meta property=\"og:image:width\" content=\"1409\" \/>\n\t<meta property=\"og:image:height\" content=\"792\" \/>\n\t<meta property=\"og:image:type\" content=\"image\/jpeg\" \/>\n<meta name=\"author\" content=\"Interpaul\" \/>\n<meta name=\"twitter:card\" content=\"summary_large_image\" \/>\n<meta name=\"twitter:label1\" content=\"Escrito por\" \/>\n\t<meta name=\"twitter:data1\" content=\"Interpaul\" \/>\n\t<meta name=\"twitter:label2\" content=\"Tiempo de lectura\" \/>\n\t<meta name=\"twitter:data2\" content=\"2 minutos\" \/>\n<script type=\"application\/ld+json\" class=\"yoast-schema-graph\">{\"@context\":\"https:\\\/\\\/schema.org\",\"@graph\":[{\"@type\":\"Article\",\"@id\":\"https:\\\/\\\/groupehyperion.com\\\/es\\\/passage-groupe-m6-zone-interdite-mars-2025\\\/#article\",\"isPartOf\":{\"@id\":\"https:\\\/\\\/groupehyperion.com\\\/es\\\/passage-groupe-m6-zone-interdite-mars-2025\\\/\"},\"author\":{\"name\":\"Interpaul\",\"@id\":\"https:\\\/\\\/groupehyperion.com\\\/es\\\/#\\\/schema\\\/person\\\/1179f6dfb2e3c6d036a910f0e5eb9203\"},\"headline\":\"\ud83d\udcfa Retour sur mon passage dans Zone Interdite : quelques pr\u00e9cisions\",\"datePublished\":\"2025-03-25T10:51:31+00:00\",\"dateModified\":\"2025-08-20T12:59:29+00:00\",\"mainEntityOfPage\":{\"@id\":\"https:\\\/\\\/groupehyperion.com\\\/es\\\/passage-groupe-m6-zone-interdite-mars-2025\\\/\"},\"wordCount\":452,\"commentCount\":0,\"publisher\":{\"@id\":\"https:\\\/\\\/groupehyperion.com\\\/es\\\/#organization\"},\"image\":{\"@id\":\"https:\\\/\\\/groupehyperion.com\\\/es\\\/passage-groupe-m6-zone-interdite-mars-2025\\\/#primaryimage\"},\"thumbnailUrl\":\"https:\\\/\\\/groupehyperion.com\\\/wp-content\\\/uploads\\\/2025\\\/03\\\/groupe-hyperion-M6.jpg\",\"articleSection\":[\"Le Groupe\",\"Presse\"],\"inLanguage\":\"es\",\"potentialAction\":[{\"@type\":\"CommentAction\",\"name\":\"Comment\",\"target\":[\"https:\\\/\\\/groupehyperion.com\\\/es\\\/passage-groupe-m6-zone-interdite-mars-2025\\\/#respond\"]}]},{\"@type\":\"WebPage\",\"@id\":\"https:\\\/\\\/groupehyperion.com\\\/es\\\/passage-groupe-m6-zone-interdite-mars-2025\\\/\",\"url\":\"https:\\\/\\\/groupehyperion.com\\\/es\\\/passage-groupe-m6-zone-interdite-mars-2025\\\/\",\"name\":\"Retour sur mon passage dans Zone Interdite : quelques pr\u00e9cisions\",\"isPartOf\":{\"@id\":\"https:\\\/\\\/groupehyperion.com\\\/es\\\/#website\"},\"primaryImageOfPage\":{\"@id\":\"https:\\\/\\\/groupehyperion.com\\\/es\\\/passage-groupe-m6-zone-interdite-mars-2025\\\/#primaryimage\"},\"image\":{\"@id\":\"https:\\\/\\\/groupehyperion.com\\\/es\\\/passage-groupe-m6-zone-interdite-mars-2025\\\/#primaryimage\"},\"thumbnailUrl\":\"https:\\\/\\\/groupehyperion.com\\\/wp-content\\\/uploads\\\/2025\\\/03\\\/groupe-hyperion-M6.jpg\",\"datePublished\":\"2025-03-25T10:51:31+00:00\",\"dateModified\":\"2025-08-20T12:59:29+00:00\",\"description\":\"M6 a diffus\u00e9 un reportage de Zone Interdite consacr\u00e9 aux d\u00e9tectives priv\u00e9s, afin de montrer la r\u00e9alit\u00e9 du m\u00e9tier.\",\"breadcrumb\":{\"@id\":\"https:\\\/\\\/groupehyperion.com\\\/es\\\/passage-groupe-m6-zone-interdite-mars-2025\\\/#breadcrumb\"},\"inLanguage\":\"es\",\"potentialAction\":[{\"@type\":\"ReadAction\",\"target\":[\"https:\\\/\\\/groupehyperion.com\\\/es\\\/passage-groupe-m6-zone-interdite-mars-2025\\\/\"]}]},{\"@type\":\"ImageObject\",\"inLanguage\":\"es\",\"@id\":\"https:\\\/\\\/groupehyperion.com\\\/es\\\/passage-groupe-m6-zone-interdite-mars-2025\\\/#primaryimage\",\"url\":\"https:\\\/\\\/groupehyperion.com\\\/wp-content\\\/uploads\\\/2025\\\/03\\\/groupe-hyperion-M6.jpg\",\"contentUrl\":\"https:\\\/\\\/groupehyperion.com\\\/wp-content\\\/uploads\\\/2025\\\/03\\\/groupe-hyperion-M6.jpg\",\"width\":1409,\"height\":792,\"caption\":\"Groupe Hyperion- passage sur M6 aper\u00e7u\"},{\"@type\":\"BreadcrumbList\",\"@id\":\"https:\\\/\\\/groupehyperion.com\\\/es\\\/passage-groupe-m6-zone-interdite-mars-2025\\\/#breadcrumb\",\"itemListElement\":[{\"@type\":\"ListItem\",\"position\":1,\"name\":\"Accueil\",\"item\":\"https:\\\/\\\/groupehyperion.com\\\/\"},{\"@type\":\"ListItem\",\"position\":2,\"name\":\"\ud83d\udcfa Retour sur mon passage dans Zone Interdite : quelques pr\u00e9cisions\"}]},{\"@type\":\"WebSite\",\"@id\":\"https:\\\/\\\/groupehyperion.com\\\/es\\\/#website\",\"url\":\"https:\\\/\\\/groupehyperion.com\\\/es\\\/\",\"name\":\"Groupe Hyperion\",\"description\":\"D\u00e9tective Priv\u00e9 Montpellier\",\"publisher\":{\"@id\":\"https:\\\/\\\/groupehyperion.com\\\/es\\\/#organization\"},\"potentialAction\":[{\"@type\":\"SearchAction\",\"target\":{\"@type\":\"EntryPoint\",\"urlTemplate\":\"https:\\\/\\\/groupehyperion.com\\\/es\\\/?s={search_term_string}\"},\"query-input\":{\"@type\":\"PropertyValueSpecification\",\"valueRequired\":true,\"valueName\":\"search_term_string\"}}],\"inLanguage\":\"es\"},{\"@type\":\"Organization\",\"@id\":\"https:\\\/\\\/groupehyperion.com\\\/es\\\/#organization\",\"name\":\"Groupe Hyperion\",\"alternateName\":\"GROUPE HYPERION\",\"url\":\"https:\\\/\\\/groupehyperion.com\\\/es\\\/\",\"logo\":{\"@type\":\"ImageObject\",\"inLanguage\":\"es\",\"@id\":\"https:\\\/\\\/groupehyperion.com\\\/es\\\/#\\\/schema\\\/logo\\\/image\\\/\",\"url\":\"https:\\\/\\\/groupehyperion.com\\\/wp-content\\\/uploads\\\/2025\\\/01\\\/Goupe-Hyperion-detective-prive-montpellier-logo-coul-web-01.png\",\"contentUrl\":\"https:\\\/\\\/groupehyperion.com\\\/wp-content\\\/uploads\\\/2025\\\/01\\\/Goupe-Hyperion-detective-prive-montpellier-logo-coul-web-01.png\",\"width\":474,\"height\":263,\"caption\":\"Groupe Hyperion\"},\"image\":{\"@id\":\"https:\\\/\\\/groupehyperion.com\\\/es\\\/#\\\/schema\\\/logo\\\/image\\\/\"}},{\"@type\":\"Person\",\"@id\":\"https:\\\/\\\/groupehyperion.com\\\/es\\\/#\\\/schema\\\/person\\\/1179f6dfb2e3c6d036a910f0e5eb9203\",\"name\":\"Interpaul\",\"image\":{\"@type\":\"ImageObject\",\"inLanguage\":\"es\",\"@id\":\"https:\\\/\\\/secure.gravatar.com\\\/avatar\\\/db45d20f9f52d11c538df5f4e7b01f1b593c25aa8a9af25026e17f7f60a55a7d?s=96&d=mm&r=g\",\"url\":\"https:\\\/\\\/secure.gravatar.com\\\/avatar\\\/db45d20f9f52d11c538df5f4e7b01f1b593c25aa8a9af25026e17f7f60a55a7d?s=96&d=mm&r=g\",\"contentUrl\":\"https:\\\/\\\/secure.gravatar.com\\\/avatar\\\/db45d20f9f52d11c538df5f4e7b01f1b593c25aa8a9af25026e17f7f60a55a7d?s=96&d=mm&r=g\",\"caption\":\"Interpaul\"}}]}<\/script>\n<!-- \/ Yoast SEO plugin. -->","yoast_head_json":{"title":"Una mirada retrospectiva a mi aparici\u00f3n en Zone Interdite: algunos detalles","description":"M6 emiti\u00f3 un reportaje de Zone Interdite sobre detectives privados, para mostrar la realidad de la profesi\u00f3n.","robots":{"index":"index","follow":"follow","max-snippet":"max-snippet:-1","max-image-preview":"max-image-preview:large","max-video-preview":"max-video-preview:-1"},"canonical":"https:\/\/groupehyperion.com\/es\/passage-groupe-m6-zone-interdite-mars-2025\/","og_locale":"es_ES","og_type":"article","og_title":"Retour sur mon passage dans Zone Interdite : quelques pr\u00e9cisions","og_description":"M6 a diffus\u00e9 un reportage de Zone Interdite consacr\u00e9 aux d\u00e9tectives priv\u00e9s, afin de montrer la r\u00e9alit\u00e9 du m\u00e9tier.","og_url":"https:\/\/groupehyperion.com\/es\/passage-groupe-m6-zone-interdite-mars-2025\/","og_site_name":"Groupe Hyperion","article_published_time":"2025-03-25T10:51:31+00:00","article_modified_time":"2025-08-20T12:59:29+00:00","og_image":[{"width":1409,"height":792,"url":"https:\/\/groupehyperion.com\/wp-content\/uploads\/2025\/03\/groupe-hyperion-M6.jpg","type":"image\/jpeg"}],"author":"Interpaul","twitter_card":"summary_large_image","twitter_misc":{"Escrito por":"Interpaul","Tiempo de lectura":"2 minutos"},"schema":{"@context":"https:\/\/schema.org","@graph":[{"@type":"Article","@id":"https:\/\/groupehyperion.com\/es\/passage-groupe-m6-zone-interdite-mars-2025\/#article","isPartOf":{"@id":"https:\/\/groupehyperion.com\/es\/passage-groupe-m6-zone-interdite-mars-2025\/"},"author":{"name":"Interpaul","@id":"https:\/\/groupehyperion.com\/es\/#\/schema\/person\/1179f6dfb2e3c6d036a910f0e5eb9203"},"headline":"\ud83d\udcfa Retour sur mon passage dans Zone Interdite : quelques pr\u00e9cisions","datePublished":"2025-03-25T10:51:31+00:00","dateModified":"2025-08-20T12:59:29+00:00","mainEntityOfPage":{"@id":"https:\/\/groupehyperion.com\/es\/passage-groupe-m6-zone-interdite-mars-2025\/"},"wordCount":452,"commentCount":0,"publisher":{"@id":"https:\/\/groupehyperion.com\/es\/#organization"},"image":{"@id":"https:\/\/groupehyperion.com\/es\/passage-groupe-m6-zone-interdite-mars-2025\/#primaryimage"},"thumbnailUrl":"https:\/\/groupehyperion.com\/wp-content\/uploads\/2025\/03\/groupe-hyperion-M6.jpg","articleSection":["Le Groupe","Presse"],"inLanguage":"es","potentialAction":[{"@type":"CommentAction","name":"Comment","target":["https:\/\/groupehyperion.com\/es\/passage-groupe-m6-zone-interdite-mars-2025\/#respond"]}]},{"@type":"WebPage","@id":"https:\/\/groupehyperion.com\/es\/passage-groupe-m6-zone-interdite-mars-2025\/","url":"https:\/\/groupehyperion.com\/es\/passage-groupe-m6-zone-interdite-mars-2025\/","name":"Una mirada retrospectiva a mi aparici\u00f3n en Zone Interdite: algunos detalles","isPartOf":{"@id":"https:\/\/groupehyperion.com\/es\/#website"},"primaryImageOfPage":{"@id":"https:\/\/groupehyperion.com\/es\/passage-groupe-m6-zone-interdite-mars-2025\/#primaryimage"},"image":{"@id":"https:\/\/groupehyperion.com\/es\/passage-groupe-m6-zone-interdite-mars-2025\/#primaryimage"},"thumbnailUrl":"https:\/\/groupehyperion.com\/wp-content\/uploads\/2025\/03\/groupe-hyperion-M6.jpg","datePublished":"2025-03-25T10:51:31+00:00","dateModified":"2025-08-20T12:59:29+00:00","description":"M6 emiti\u00f3 un reportaje de Zone Interdite sobre detectives privados, para mostrar la realidad de la profesi\u00f3n.","breadcrumb":{"@id":"https:\/\/groupehyperion.com\/es\/passage-groupe-m6-zone-interdite-mars-2025\/#breadcrumb"},"inLanguage":"es","potentialAction":[{"@type":"ReadAction","target":["https:\/\/groupehyperion.com\/es\/passage-groupe-m6-zone-interdite-mars-2025\/"]}]},{"@type":"ImageObject","inLanguage":"es","@id":"https:\/\/groupehyperion.com\/es\/passage-groupe-m6-zone-interdite-mars-2025\/#primaryimage","url":"https:\/\/groupehyperion.com\/wp-content\/uploads\/2025\/03\/groupe-hyperion-M6.jpg","contentUrl":"https:\/\/groupehyperion.com\/wp-content\/uploads\/2025\/03\/groupe-hyperion-M6.jpg","width":1409,"height":792,"caption":"Groupe Hyperion- passage sur M6 aper\u00e7u"},{"@type":"BreadcrumbList","@id":"https:\/\/groupehyperion.com\/es\/passage-groupe-m6-zone-interdite-mars-2025\/#breadcrumb","itemListElement":[{"@type":"ListItem","position":1,"name":"Accueil","item":"https:\/\/groupehyperion.com\/"},{"@type":"ListItem","position":2,"name":"\ud83d\udcfa Retour sur mon passage dans Zone Interdite : quelques pr\u00e9cisions"}]},{"@type":"WebSite","@id":"https:\/\/groupehyperion.com\/es\/#website","url":"https:\/\/groupehyperion.com\/es\/","name":"Grupo Hyperion","description":"Detective Privado Montpellier","publisher":{"@id":"https:\/\/groupehyperion.com\/es\/#organization"},"potentialAction":[{"@type":"SearchAction","target":{"@type":"EntryPoint","urlTemplate":"https:\/\/groupehyperion.com\/es\/?s={search_term_string}"},"query-input":{"@type":"PropertyValueSpecification","valueRequired":true,"valueName":"search_term_string"}}],"inLanguage":"es"},{"@type":"Organization","@id":"https:\/\/groupehyperion.com\/es\/#organization","name":"Grupo Hyperion","alternateName":"GROUPE HYPERION","url":"https:\/\/groupehyperion.com\/es\/","logo":{"@type":"ImageObject","inLanguage":"es","@id":"https:\/\/groupehyperion.com\/es\/#\/schema\/logo\/image\/","url":"https:\/\/groupehyperion.com\/wp-content\/uploads\/2025\/01\/Goupe-Hyperion-detective-prive-montpellier-logo-coul-web-01.png","contentUrl":"https:\/\/groupehyperion.com\/wp-content\/uploads\/2025\/01\/Goupe-Hyperion-detective-prive-montpellier-logo-coul-web-01.png","width":474,"height":263,"caption":"Groupe Hyperion"},"image":{"@id":"https:\/\/groupehyperion.com\/es\/#\/schema\/logo\/image\/"}},{"@type":"Person","@id":"https:\/\/groupehyperion.com\/es\/#\/schema\/person\/1179f6dfb2e3c6d036a910f0e5eb9203","name":"Interpaul","image":{"@type":"ImageObject","inLanguage":"es","@id":"https:\/\/secure.gravatar.com\/avatar\/db45d20f9f52d11c538df5f4e7b01f1b593c25aa8a9af25026e17f7f60a55a7d?s=96&d=mm&r=g","url":"https:\/\/secure.gravatar.com\/avatar\/db45d20f9f52d11c538df5f4e7b01f1b593c25aa8a9af25026e17f7f60a55a7d?s=96&d=mm&r=g","contentUrl":"https:\/\/secure.gravatar.com\/avatar\/db45d20f9f52d11c538df5f4e7b01f1b593c25aa8a9af25026e17f7f60a55a7d?s=96&d=mm&r=g","caption":"Interpaul"}}]}},"_links":{"self":[{"href":"https:\/\/groupehyperion.com\/es\/wp-json\/wp\/v2\/posts\/10102","targetHints":{"allow":["GET"]}}],"collection":[{"href":"https:\/\/groupehyperion.com\/es\/wp-json\/wp\/v2\/posts"}],"about":[{"href":"https:\/\/groupehyperion.com\/es\/wp-json\/wp\/v2\/types\/post"}],"author":[{"embeddable":true,"href":"https:\/\/groupehyperion.com\/es\/wp-json\/wp\/v2\/users\/2"}],"replies":[{"embeddable":true,"href":"https:\/\/groupehyperion.com\/es\/wp-json\/wp\/v2\/comments?post=10102"}],"version-history":[{"count":3,"href":"https:\/\/groupehyperion.com\/es\/wp-json\/wp\/v2\/posts\/10102\/revisions"}],"predecessor-version":[{"id":10106,"href":"https:\/\/groupehyperion.com\/es\/wp-json\/wp\/v2\/posts\/10102\/revisions\/10106"}],"wp:featuredmedia":[{"embeddable":true,"href":"https:\/\/groupehyperion.com\/es\/wp-json\/wp\/v2\/media\/10103"}],"wp:attachment":[{"href":"https:\/\/groupehyperion.com\/es\/wp-json\/wp\/v2\/media?parent=10102"}],"wp:term":[{"taxonomy":"category","embeddable":true,"href":"https:\/\/groupehyperion.com\/es\/wp-json\/wp\/v2\/categories?post=10102"},{"taxonomy":"post_tag","embeddable":true,"href":"https:\/\/groupehyperion.com\/es\/wp-json\/wp\/v2\/tags?post=10102"}],"curies":[{"name":"wp","href":"https:\/\/api.w.org\/{rel}","templated":true}]}}