{"id":10102,"date":"2025-03-25T10:51:31","date_gmt":"2025-03-25T10:51:31","guid":{"rendered":"https:\/\/groupehyperion.com\/?p=10102"},"modified":"2025-08-20T12:59:29","modified_gmt":"2025-08-20T12:59:29","slug":"passage-groupe-m6-zone-interdite-mars-2025","status":"publish","type":"post","link":"https:\/\/groupehyperion.com\/de\/passage-groupe-m6-zone-interdite-mars-2025\/","title":{"rendered":"\ud83d\udcfa R\u00fcckblick auf meinen Auftritt in Zone Interdite: einige Pr\u00e4zisierungen"},"content":{"rendered":"<section class=\"l-section wpb_row height_custom\"><div class=\"l-section-h i-cf\"><div class=\"g-cols vc_row via_grid cols_1 laptops-cols_inherit tablets-cols_inherit mobiles-cols_1 valign_top type_default stacking_default\"><div class=\"wpb_column vc_column_container\"><div class=\"vc_column-inner\"><\/div><\/div><\/div><\/div><\/section><section class=\"l-section wpb_row height_custom\"><div class=\"l-section-h i-cf\"><div class=\"g-cols vc_row via_grid cols_1 laptops-cols_inherit tablets-cols_inherit mobiles-cols_1 valign_top type_default stacking_default\"><div class=\"wpb_column vc_column_container\"><div class=\"vc_column-inner\"><div class=\"wpb_text_column us_custom_49dde2ec\"><div class=\"wpb_wrapper\"><p><strong>Gestern Abend strahlte M6 eine Reportage von Zone Interdite aus, die Privatdetektiven gewidmet war. Mehrere Monate lang habe ich mich von den Journalisten begleiten lassen, um die Realit\u00e4t meines Berufs zu zeigen, fernab von Klischees und Fantasien.<\/strong><\/p>\n<p><span style=\"color: #002147;\">&#128269; <strong>Warum haben Sie sich daf\u00fcr entschieden, mit offenem Visier zu berichten?<\/strong><br>\n<\/span><span>Das ist eine Frage, die oft gestellt wird. In unserem Beruf ist Diskretion unerl\u00e4sslich, und viele Kollegen ziehen es vor, im Schatten zu bleiben. Ich habe jedoch die gegenteilige Entscheidung getroffen, und zwar in vollem Bewusstsein. Warum ist das so? Weil unser Beruf noch zu wenig bekannt ist, manchmal falsch verstanden wird und es mir wichtig erscheint, ihn so darzustellen, wie er wirklich ist. Wir sind weder R\u00e4cher noch Spione, sondern Fachleute, die strengen Vorschriften unterliegen und oft mit Rechtsanw\u00e4lten und Richtern zusammenarbeiten.<\/span><span><br>\n<\/span><span><br>\n<\/span><span style=\"color: #002147;\"><strong>\ud83c\udfac Die Endmontage: Redaktionelle Entscheidungen<br>\n<\/strong><\/span><span>Wie jede Reportage erforderte auch diese viele Stunden Drehzeit, um am Ende einen gestrafften Schnitt zu erhalten. Einige Sequenzen, die mir besonders wichtig waren, wie die Arbeit mit einem Anwalt und meine Vortr\u00e4ge an der Rechtsfakult\u00e4t, wurden nicht beibehalten. Ich h\u00e4tte mir gew\u00fcnscht, dass diese Aspekte hervorgehoben werden, da sie eine wesentliche Facette unseres Berufs veranschaulichen: unsere Verankerung im gesetzlichen Rahmen und unsere Verbindung zum Recht.<\/span><span><br>\n<\/span><span>Aber das ist auch die Spielregel, wenn man zustimmt, gefilmt zu werden. Wir haben keine Kontrolle \u00fcber den endg\u00fcltigen Schnitt, und das muss man akzeptieren. Das Hauptziel war es, einen Teil unseres Alltags zu zeigen, und ich denke, das wurde gr\u00f6\u00dftenteils erreicht.<\/span><span><br>\n<\/span><span><br>\n<\/span><strong><span style=\"color: #002147;\">\ud83d\udce2 Eine Gelegenheit, unseren Beruf besser bekannt zu machen<br>\n<\/span><\/strong><span>Abgesehen von diesen redaktionellen Entscheidungen hatte diese Reportage das Verdienst, den Beruf des Privatdetektivs und seine Rolle bei der Suche nach der Wahrheit zu beleuchten. Es ist ein spannender, anspruchsvoller Beruf, der manchmal falsch wahrgenommen wird. Ich hoffe, dass diese Dokumentation einigen geholfen hat, unser Engagement und unsere Arbeitsethik besser zu verstehen.<\/span><span><br>\n<\/span><span><br>\n<\/span><span>Vielen Dank an alle, die sich die Zeit genommen haben, es sich anzusehen und sich dar\u00fcber auszutauschen. Ihr Feedback ist immer wertvoll!<\/span><span><br>\n<\/span><span><br>\n<\/span><span>mit<\/span><span class=\"white-space-pre\"> die <strong><a href=\"https:\/\/www.groupem6.fr\/fr\/\" target=\"_blank\" rel=\"noopener\">M6-Gruppe<\/a> <\/strong>und<\/span><strong><a href=\"https:\/\/www.astrategie.com\/\" target=\"_blank\" rel=\"noopener\"><span class=\"white-space-pre\"> Aquila Strategie<\/span><\/a><\/strong><\/p>\n<\/div><\/div><section class=\"l-section wpb_row height_small width_full\"><div class=\"l-section-h i-cf\"><div class=\"g-cols vc_row via_grid cols_1 laptops-cols_inherit tablets-cols_inherit mobiles-cols_1 valign_top type_default stacking_default\"><div class=\"wpb_column vc_column_container\"><div class=\"vc_column-inner\"><div class=\"wpb_text_column us_custom_99d5a672 has_text_color\"><div class=\"wpb_wrapper\"><h2>Kontaktieren Sie die Hyperion Group f\u00fcr weitere Informationen oder einen kostenlosen Kostenvoranschlag.<\/h2>\n<p>&nbsp;<\/p>\n<\/div><\/div><div class=\"wpb_text_column us_custom_49beb644\"><div class=\"wpb_wrapper\"><p>Bitte f\u00fcllen Sie das untenstehende Formular aus, damit wir Ihnen weiterhelfen k\u00f6nnen. Wir rufen Sie umgehend zur\u00fcck.<\/p>\n<\/div><\/div><form class=\"w-form  us-field-style_1 us_custom_72fc42ef layout_ver for_cform us_form_1\" autocomplete=\"off\" action=\"https:\/\/groupehyperion.com\/de\/de\/wp-json\/wp\/v2\/posts\/10102\" method=\"post\" data-trp-original-action=\"https:\/\/groupehyperion.com\/de\/de\/wp-json\/wp\/v2\/posts\/10102\"><div class=\"w-form-h\"><div class=\"w-form-row for_text cols_2\">\r\n\t\t<div class=\"w-form-row-field\">\r\n\t\t\t\t\t\t<input aria-label=\"Name\" type=\"text\" name=\"us_form_1_text_1\" value placeholder=\"Name\">\r\n\t\t\t<\/div>\r\n\t\t<div class=\"w-form-row-state\">Bitte f\u00fcllen Sie dieses Feld aus.<\/div>\r\n<\/div>\r\n<div class=\"w-form-row for_text cols_2\">\r\n\t\t<div class=\"w-form-row-field\">\r\n\t\t\t\t\t\t<input aria-label=\"Objekt\" type=\"text\" name=\"us_form_1_text_2\" value placeholder=\"Objekt\">\r\n\t\t\t<\/div>\r\n\t\t<div class=\"w-form-row-state\">Bitte f\u00fcllen Sie dieses Feld aus.<\/div>\r\n<\/div>\r\n<div class=\"w-form-row for_text cols_2\">\r\n\t\t<div class=\"w-form-row-field\">\r\n\t\t\t\t\t\t<input aria-label=\"Telefon\" inputmode=\"tel\" type=\"text\" name=\"us_form_1_text_3\" value placeholder=\"Telefon\">\r\n\t\t\t<\/div>\r\n\t\t<div class=\"w-form-row-state\">Bitte f\u00fcllen Sie dieses Feld aus.<\/div>\r\n<\/div>\r\n<div class=\"w-form-row for_email cols_2\">\r\n\t\t<div class=\"w-form-row-field\">\r\n\t\t\t\t\t\t<input aria-label=\"E-Mail\" type=\"email\" name=\"us_form_1_email_1\" value placeholder=\"E-Mail\">\r\n\t\t\t<\/div>\r\n\t\t<div class=\"w-form-row-state\">Bitte gib eine g\u00fcltige E-Mail-Adresse ein.<\/div>\r\n<\/div>\r\n<div class=\"w-form-row for_textarea\">\r\n\t\t<div class=\"w-form-row-field\">\r\n\t\t\t\t\t\t<textarea aria-label=\"Nachricht\" name=\"us_form_1_textarea_1\" placeholder=\"Nachricht\"><\/textarea>\r\n\t\t\t<\/div>\r\n\t\t<div class=\"w-form-row-state\">Bitte f\u00fcllen Sie dieses Feld aus.<\/div>\r\n<\/div>\r\n<div class=\"w-form-row for_agreement required\">\r\n\t\t<div class=\"w-form-row-field\">\r\n\t\t\t\t<label>\r\n\t\t\t<input type=\"checkbox\" value=\"1\" data-required=\"true\" aria-required=\"true\" name=\"us_form_1_agreement_1\">\r\n\t\t\t<span>Mit dem Ausf\u00fcllen dieses Formulars stimme ich zu, dass die eingegebenen Informationen im Rahmen der Kontaktanfrage ausgewertet werden. Weitere Informationen zu Daten finden Sie in unserem <a href=\"\/de\/mentions-legales\/\" target=\"_blank\" color=\"#fff\">Politik zum Umgang mit pers\u00f6nlichen Daten.<\/a><\/span>\r\n\t\t<\/label>\r\n\t\t\t<\/div>\r\n\t\t<div class=\"w-form-row-state\">Sie m\u00fcssen den Bedingungen zustimmen, um fortzufahren.<\/div>\r\n<\/div>\r\n<input type=\"hidden\" name=\"action\" value=\"us_ajax_cform\">\r\n<input type=\"hidden\" name=\"post_id\" value=\"9152\">\r\n<input type=\"hidden\" name=\"form_index\" value=\"1\">\r\n<div class=\"w-form-row for_submit align_center\">\r\n\t<button class=\"w-btn  us-btn-style_28\" aria-label=\"Absenden\" type=\"submit\">\r\n\t\t<span class=\"g-preloader type_1\"><\/span>\r\n\t\t\t\t<span class=\"w-btn-label\">Absenden<\/span>\r\n\t\t\t<\/button>\r\n\t<\/div>\r\n<\/div><div class=\"w-form-message\"><\/div><div class=\"w-form-json hidden\" onclick='return {\"ajaxurl\":\"https:\\\/\\\/groupehyperion.com\\\/wp-admin\\\/admin-ajax.php\",\"messages\":{\"err_empty\":\"Bitte f\\u00fcllen Sie dieses Feld aus.\",\"err_size\":\"Die Dateigr\\u00f6\\u00dfe darf %s MB nicht \\u00fcberschreiten\",\"err_extension\":\"Dateityp %s ist nicht zul\\u00e4ssig\",\"err_recaptcha_keys\":\"reCAPTCHA-Schl\\u00fcssel sind fehlerhaft\"}}'><\/div><input type=\"hidden\" name=\"trp-form-language\" value=\"de\"\/><\/form><\/div><\/div><\/div><\/div><\/section>\n<\/div><\/div><\/div><\/div><\/section><section class=\"l-section wpb_row height_custom\"><div class=\"l-section-h i-cf\"><div class=\"g-cols vc_row via_grid cols_1 laptops-cols_inherit tablets-cols_inherit mobiles-cols_1 valign_top type_default stacking_default\"><div class=\"wpb_column vc_column_container\"><div class=\"vc_column-inner\"><\/div><\/div><\/div><\/div><\/section>","protected":false},"excerpt":{"rendered":"<p>Entdecken Sie die 10 wichtigsten Punkte, um einen Privatdetektiv in Frankreich richtig auszuw\u00e4hlen und Betr\u00fcgereien zu vermeiden. Ein wichtiger Leitfaden, um legale, zuverl\u00e4ssige und auf Ihre pers\u00f6nlichen, beruflichen oder kollektiven Bed\u00fcrfnisse zugeschnittene Ermittlungen zu gew\u00e4hrleisten.<\/p>","protected":false},"author":2,"featured_media":10103,"comment_status":"open","ping_status":"open","sticky":false,"template":"","format":"standard","meta":{"footnotes":""},"categories":[24,32],"tags":[],"class_list":["post-10102","post","type-post","status-publish","format-standard","has-post-thumbnail","hentry","category-le-groupe-hyperion","category-presse"],"yoast_head":"<!-- This site is optimized with the Yoast SEO plugin v27.5 - https:\/\/yoast.com\/product\/yoast-seo-wordpress\/ -->\n<title>Retour sur mon passage dans Zone Interdite : quelques pr\u00e9cisions<\/title>\n<meta name=\"description\" content=\"M6 a diffus\u00e9 un reportage de Zone Interdite consacr\u00e9 aux d\u00e9tectives priv\u00e9s, afin de montrer la r\u00e9alit\u00e9 du m\u00e9tier.\" \/>\n<meta name=\"robots\" content=\"index, follow, max-snippet:-1, max-image-preview:large, max-video-preview:-1\" \/>\n<link rel=\"canonical\" href=\"https:\/\/groupehyperion.com\/de\/passage-groupe-m6-zone-interdite-mars-2025\/\" \/>\n<meta property=\"og:locale\" content=\"de_DE\" \/>\n<meta property=\"og:type\" content=\"article\" \/>\n<meta property=\"og:title\" content=\"Retour sur mon passage dans Zone Interdite : quelques pr\u00e9cisions\" \/>\n<meta property=\"og:description\" content=\"M6 a diffus\u00e9 un reportage de Zone Interdite consacr\u00e9 aux d\u00e9tectives priv\u00e9s, afin de montrer la r\u00e9alit\u00e9 du m\u00e9tier.\" \/>\n<meta property=\"og:url\" content=\"https:\/\/groupehyperion.com\/de\/passage-groupe-m6-zone-interdite-mars-2025\/\" \/>\n<meta property=\"og:site_name\" content=\"Groupe Hyperion\" \/>\n<meta property=\"article:published_time\" content=\"2025-03-25T10:51:31+00:00\" \/>\n<meta property=\"article:modified_time\" content=\"2025-08-20T12:59:29+00:00\" \/>\n<meta property=\"og:image\" content=\"https:\/\/groupehyperion.com\/wp-content\/uploads\/2025\/03\/groupe-hyperion-M6.jpg\" \/>\n\t<meta property=\"og:image:width\" content=\"1409\" \/>\n\t<meta property=\"og:image:height\" content=\"792\" \/>\n\t<meta property=\"og:image:type\" content=\"image\/jpeg\" \/>\n<meta name=\"author\" content=\"Interpaul\" \/>\n<meta name=\"twitter:card\" content=\"summary_large_image\" \/>\n<meta name=\"twitter:label1\" content=\"Verfasst von\" \/>\n\t<meta name=\"twitter:data1\" content=\"Interpaul\" \/>\n\t<meta name=\"twitter:label2\" content=\"Gesch\u00e4tzte Lesezeit\" \/>\n\t<meta name=\"twitter:data2\" content=\"2\u00a0Minuten\" \/>\n<script type=\"application\/ld+json\" class=\"yoast-schema-graph\">{\"@context\":\"https:\\\/\\\/schema.org\",\"@graph\":[{\"@type\":\"Article\",\"@id\":\"https:\\\/\\\/groupehyperion.com\\\/de\\\/passage-groupe-m6-zone-interdite-mars-2025\\\/#article\",\"isPartOf\":{\"@id\":\"https:\\\/\\\/groupehyperion.com\\\/de\\\/passage-groupe-m6-zone-interdite-mars-2025\\\/\"},\"author\":{\"name\":\"Interpaul\",\"@id\":\"https:\\\/\\\/groupehyperion.com\\\/de\\\/#\\\/schema\\\/person\\\/1179f6dfb2e3c6d036a910f0e5eb9203\"},\"headline\":\"\ud83d\udcfa Retour sur mon passage dans Zone Interdite : quelques pr\u00e9cisions\",\"datePublished\":\"2025-03-25T10:51:31+00:00\",\"dateModified\":\"2025-08-20T12:59:29+00:00\",\"mainEntityOfPage\":{\"@id\":\"https:\\\/\\\/groupehyperion.com\\\/de\\\/passage-groupe-m6-zone-interdite-mars-2025\\\/\"},\"wordCount\":452,\"commentCount\":0,\"publisher\":{\"@id\":\"https:\\\/\\\/groupehyperion.com\\\/de\\\/#organization\"},\"image\":{\"@id\":\"https:\\\/\\\/groupehyperion.com\\\/de\\\/passage-groupe-m6-zone-interdite-mars-2025\\\/#primaryimage\"},\"thumbnailUrl\":\"https:\\\/\\\/groupehyperion.com\\\/wp-content\\\/uploads\\\/2025\\\/03\\\/groupe-hyperion-M6.jpg\",\"articleSection\":[\"Le Groupe\",\"Presse\"],\"inLanguage\":\"de\",\"potentialAction\":[{\"@type\":\"CommentAction\",\"name\":\"Comment\",\"target\":[\"https:\\\/\\\/groupehyperion.com\\\/de\\\/passage-groupe-m6-zone-interdite-mars-2025\\\/#respond\"]}]},{\"@type\":\"WebPage\",\"@id\":\"https:\\\/\\\/groupehyperion.com\\\/de\\\/passage-groupe-m6-zone-interdite-mars-2025\\\/\",\"url\":\"https:\\\/\\\/groupehyperion.com\\\/de\\\/passage-groupe-m6-zone-interdite-mars-2025\\\/\",\"name\":\"Retour sur mon passage dans Zone Interdite : quelques pr\u00e9cisions\",\"isPartOf\":{\"@id\":\"https:\\\/\\\/groupehyperion.com\\\/de\\\/#website\"},\"primaryImageOfPage\":{\"@id\":\"https:\\\/\\\/groupehyperion.com\\\/de\\\/passage-groupe-m6-zone-interdite-mars-2025\\\/#primaryimage\"},\"image\":{\"@id\":\"https:\\\/\\\/groupehyperion.com\\\/de\\\/passage-groupe-m6-zone-interdite-mars-2025\\\/#primaryimage\"},\"thumbnailUrl\":\"https:\\\/\\\/groupehyperion.com\\\/wp-content\\\/uploads\\\/2025\\\/03\\\/groupe-hyperion-M6.jpg\",\"datePublished\":\"2025-03-25T10:51:31+00:00\",\"dateModified\":\"2025-08-20T12:59:29+00:00\",\"description\":\"M6 a diffus\u00e9 un reportage de Zone Interdite consacr\u00e9 aux d\u00e9tectives priv\u00e9s, afin de montrer la r\u00e9alit\u00e9 du m\u00e9tier.\",\"breadcrumb\":{\"@id\":\"https:\\\/\\\/groupehyperion.com\\\/de\\\/passage-groupe-m6-zone-interdite-mars-2025\\\/#breadcrumb\"},\"inLanguage\":\"de\",\"potentialAction\":[{\"@type\":\"ReadAction\",\"target\":[\"https:\\\/\\\/groupehyperion.com\\\/de\\\/passage-groupe-m6-zone-interdite-mars-2025\\\/\"]}]},{\"@type\":\"ImageObject\",\"inLanguage\":\"de\",\"@id\":\"https:\\\/\\\/groupehyperion.com\\\/de\\\/passage-groupe-m6-zone-interdite-mars-2025\\\/#primaryimage\",\"url\":\"https:\\\/\\\/groupehyperion.com\\\/wp-content\\\/uploads\\\/2025\\\/03\\\/groupe-hyperion-M6.jpg\",\"contentUrl\":\"https:\\\/\\\/groupehyperion.com\\\/wp-content\\\/uploads\\\/2025\\\/03\\\/groupe-hyperion-M6.jpg\",\"width\":1409,\"height\":792,\"caption\":\"Groupe Hyperion- passage sur M6 aper\u00e7u\"},{\"@type\":\"BreadcrumbList\",\"@id\":\"https:\\\/\\\/groupehyperion.com\\\/de\\\/passage-groupe-m6-zone-interdite-mars-2025\\\/#breadcrumb\",\"itemListElement\":[{\"@type\":\"ListItem\",\"position\":1,\"name\":\"Accueil\",\"item\":\"https:\\\/\\\/groupehyperion.com\\\/\"},{\"@type\":\"ListItem\",\"position\":2,\"name\":\"\ud83d\udcfa Retour sur mon passage dans Zone Interdite : quelques pr\u00e9cisions\"}]},{\"@type\":\"WebSite\",\"@id\":\"https:\\\/\\\/groupehyperion.com\\\/de\\\/#website\",\"url\":\"https:\\\/\\\/groupehyperion.com\\\/de\\\/\",\"name\":\"Groupe Hyperion\",\"description\":\"D\u00e9tective Priv\u00e9 Montpellier\",\"publisher\":{\"@id\":\"https:\\\/\\\/groupehyperion.com\\\/de\\\/#organization\"},\"potentialAction\":[{\"@type\":\"SearchAction\",\"target\":{\"@type\":\"EntryPoint\",\"urlTemplate\":\"https:\\\/\\\/groupehyperion.com\\\/de\\\/?s={search_term_string}\"},\"query-input\":{\"@type\":\"PropertyValueSpecification\",\"valueRequired\":true,\"valueName\":\"search_term_string\"}}],\"inLanguage\":\"de\"},{\"@type\":\"Organization\",\"@id\":\"https:\\\/\\\/groupehyperion.com\\\/de\\\/#organization\",\"name\":\"Groupe Hyperion\",\"alternateName\":\"GROUPE HYPERION\",\"url\":\"https:\\\/\\\/groupehyperion.com\\\/de\\\/\",\"logo\":{\"@type\":\"ImageObject\",\"inLanguage\":\"de\",\"@id\":\"https:\\\/\\\/groupehyperion.com\\\/de\\\/#\\\/schema\\\/logo\\\/image\\\/\",\"url\":\"https:\\\/\\\/groupehyperion.com\\\/wp-content\\\/uploads\\\/2025\\\/01\\\/Goupe-Hyperion-detective-prive-montpellier-logo-coul-web-01.png\",\"contentUrl\":\"https:\\\/\\\/groupehyperion.com\\\/wp-content\\\/uploads\\\/2025\\\/01\\\/Goupe-Hyperion-detective-prive-montpellier-logo-coul-web-01.png\",\"width\":474,\"height\":263,\"caption\":\"Groupe Hyperion\"},\"image\":{\"@id\":\"https:\\\/\\\/groupehyperion.com\\\/de\\\/#\\\/schema\\\/logo\\\/image\\\/\"}},{\"@type\":\"Person\",\"@id\":\"https:\\\/\\\/groupehyperion.com\\\/de\\\/#\\\/schema\\\/person\\\/1179f6dfb2e3c6d036a910f0e5eb9203\",\"name\":\"Interpaul\",\"image\":{\"@type\":\"ImageObject\",\"inLanguage\":\"de\",\"@id\":\"https:\\\/\\\/secure.gravatar.com\\\/avatar\\\/db45d20f9f52d11c538df5f4e7b01f1b593c25aa8a9af25026e17f7f60a55a7d?s=96&d=mm&r=g\",\"url\":\"https:\\\/\\\/secure.gravatar.com\\\/avatar\\\/db45d20f9f52d11c538df5f4e7b01f1b593c25aa8a9af25026e17f7f60a55a7d?s=96&d=mm&r=g\",\"contentUrl\":\"https:\\\/\\\/secure.gravatar.com\\\/avatar\\\/db45d20f9f52d11c538df5f4e7b01f1b593c25aa8a9af25026e17f7f60a55a7d?s=96&d=mm&r=g\",\"caption\":\"Interpaul\"}}]}<\/script>\n<!-- \/ Yoast SEO plugin. -->","yoast_head_json":{"title":"Retour sur mon passage dans Zone Interdite : quelques pr\u00e9cisions","description":"M6 a diffus\u00e9 un reportage de Zone Interdite consacr\u00e9 aux d\u00e9tectives priv\u00e9s, afin de montrer la r\u00e9alit\u00e9 du m\u00e9tier.","robots":{"index":"index","follow":"follow","max-snippet":"max-snippet:-1","max-image-preview":"max-image-preview:large","max-video-preview":"max-video-preview:-1"},"canonical":"https:\/\/groupehyperion.com\/de\/passage-groupe-m6-zone-interdite-mars-2025\/","og_locale":"de_DE","og_type":"article","og_title":"Retour sur mon passage dans Zone Interdite : quelques pr\u00e9cisions","og_description":"M6 a diffus\u00e9 un reportage de Zone Interdite consacr\u00e9 aux d\u00e9tectives priv\u00e9s, afin de montrer la r\u00e9alit\u00e9 du m\u00e9tier.","og_url":"https:\/\/groupehyperion.com\/de\/passage-groupe-m6-zone-interdite-mars-2025\/","og_site_name":"Groupe Hyperion","article_published_time":"2025-03-25T10:51:31+00:00","article_modified_time":"2025-08-20T12:59:29+00:00","og_image":[{"width":1409,"height":792,"url":"https:\/\/groupehyperion.com\/wp-content\/uploads\/2025\/03\/groupe-hyperion-M6.jpg","type":"image\/jpeg"}],"author":"Interpaul","twitter_card":"summary_large_image","twitter_misc":{"Verfasst von":"Interpaul","Gesch\u00e4tzte Lesezeit":"2\u00a0Minuten"},"schema":{"@context":"https:\/\/schema.org","@graph":[{"@type":"Article","@id":"https:\/\/groupehyperion.com\/de\/passage-groupe-m6-zone-interdite-mars-2025\/#article","isPartOf":{"@id":"https:\/\/groupehyperion.com\/de\/passage-groupe-m6-zone-interdite-mars-2025\/"},"author":{"name":"Interpaul","@id":"https:\/\/groupehyperion.com\/de\/#\/schema\/person\/1179f6dfb2e3c6d036a910f0e5eb9203"},"headline":"\ud83d\udcfa Retour sur mon passage dans Zone Interdite : quelques pr\u00e9cisions","datePublished":"2025-03-25T10:51:31+00:00","dateModified":"2025-08-20T12:59:29+00:00","mainEntityOfPage":{"@id":"https:\/\/groupehyperion.com\/de\/passage-groupe-m6-zone-interdite-mars-2025\/"},"wordCount":452,"commentCount":0,"publisher":{"@id":"https:\/\/groupehyperion.com\/de\/#organization"},"image":{"@id":"https:\/\/groupehyperion.com\/de\/passage-groupe-m6-zone-interdite-mars-2025\/#primaryimage"},"thumbnailUrl":"https:\/\/groupehyperion.com\/wp-content\/uploads\/2025\/03\/groupe-hyperion-M6.jpg","articleSection":["Le Groupe","Presse"],"inLanguage":"de","potentialAction":[{"@type":"CommentAction","name":"Comment","target":["https:\/\/groupehyperion.com\/de\/passage-groupe-m6-zone-interdite-mars-2025\/#respond"]}]},{"@type":"WebPage","@id":"https:\/\/groupehyperion.com\/de\/passage-groupe-m6-zone-interdite-mars-2025\/","url":"https:\/\/groupehyperion.com\/de\/passage-groupe-m6-zone-interdite-mars-2025\/","name":"Retour sur mon passage dans Zone Interdite : quelques pr\u00e9cisions","isPartOf":{"@id":"https:\/\/groupehyperion.com\/de\/#website"},"primaryImageOfPage":{"@id":"https:\/\/groupehyperion.com\/de\/passage-groupe-m6-zone-interdite-mars-2025\/#primaryimage"},"image":{"@id":"https:\/\/groupehyperion.com\/de\/passage-groupe-m6-zone-interdite-mars-2025\/#primaryimage"},"thumbnailUrl":"https:\/\/groupehyperion.com\/wp-content\/uploads\/2025\/03\/groupe-hyperion-M6.jpg","datePublished":"2025-03-25T10:51:31+00:00","dateModified":"2025-08-20T12:59:29+00:00","description":"M6 a diffus\u00e9 un reportage de Zone Interdite consacr\u00e9 aux d\u00e9tectives priv\u00e9s, afin de montrer la r\u00e9alit\u00e9 du m\u00e9tier.","breadcrumb":{"@id":"https:\/\/groupehyperion.com\/de\/passage-groupe-m6-zone-interdite-mars-2025\/#breadcrumb"},"inLanguage":"de","potentialAction":[{"@type":"ReadAction","target":["https:\/\/groupehyperion.com\/de\/passage-groupe-m6-zone-interdite-mars-2025\/"]}]},{"@type":"ImageObject","inLanguage":"de","@id":"https:\/\/groupehyperion.com\/de\/passage-groupe-m6-zone-interdite-mars-2025\/#primaryimage","url":"https:\/\/groupehyperion.com\/wp-content\/uploads\/2025\/03\/groupe-hyperion-M6.jpg","contentUrl":"https:\/\/groupehyperion.com\/wp-content\/uploads\/2025\/03\/groupe-hyperion-M6.jpg","width":1409,"height":792,"caption":"Groupe Hyperion- passage sur M6 aper\u00e7u"},{"@type":"BreadcrumbList","@id":"https:\/\/groupehyperion.com\/de\/passage-groupe-m6-zone-interdite-mars-2025\/#breadcrumb","itemListElement":[{"@type":"ListItem","position":1,"name":"Accueil","item":"https:\/\/groupehyperion.com\/"},{"@type":"ListItem","position":2,"name":"\ud83d\udcfa Retour sur mon passage dans Zone Interdite : quelques pr\u00e9cisions"}]},{"@type":"WebSite","@id":"https:\/\/groupehyperion.com\/de\/#website","url":"https:\/\/groupehyperion.com\/de\/","name":"Hyperion-Gruppe","description":"Privatdetektiv Montpellier","publisher":{"@id":"https:\/\/groupehyperion.com\/de\/#organization"},"potentialAction":[{"@type":"SearchAction","target":{"@type":"EntryPoint","urlTemplate":"https:\/\/groupehyperion.com\/de\/?s={search_term_string}"},"query-input":{"@type":"PropertyValueSpecification","valueRequired":true,"valueName":"search_term_string"}}],"inLanguage":"de"},{"@type":"Organization","@id":"https:\/\/groupehyperion.com\/de\/#organization","name":"Hyperion-Gruppe","alternateName":"GROUPE HYPERION","url":"https:\/\/groupehyperion.com\/de\/","logo":{"@type":"ImageObject","inLanguage":"de","@id":"https:\/\/groupehyperion.com\/de\/#\/schema\/logo\/image\/","url":"https:\/\/groupehyperion.com\/wp-content\/uploads\/2025\/01\/Goupe-Hyperion-detective-prive-montpellier-logo-coul-web-01.png","contentUrl":"https:\/\/groupehyperion.com\/wp-content\/uploads\/2025\/01\/Goupe-Hyperion-detective-prive-montpellier-logo-coul-web-01.png","width":474,"height":263,"caption":"Groupe Hyperion"},"image":{"@id":"https:\/\/groupehyperion.com\/de\/#\/schema\/logo\/image\/"}},{"@type":"Person","@id":"https:\/\/groupehyperion.com\/de\/#\/schema\/person\/1179f6dfb2e3c6d036a910f0e5eb9203","name":"Interpaul","image":{"@type":"ImageObject","inLanguage":"de","@id":"https:\/\/secure.gravatar.com\/avatar\/db45d20f9f52d11c538df5f4e7b01f1b593c25aa8a9af25026e17f7f60a55a7d?s=96&d=mm&r=g","url":"https:\/\/secure.gravatar.com\/avatar\/db45d20f9f52d11c538df5f4e7b01f1b593c25aa8a9af25026e17f7f60a55a7d?s=96&d=mm&r=g","contentUrl":"https:\/\/secure.gravatar.com\/avatar\/db45d20f9f52d11c538df5f4e7b01f1b593c25aa8a9af25026e17f7f60a55a7d?s=96&d=mm&r=g","caption":"Interpaul"}}]}},"_links":{"self":[{"href":"https:\/\/groupehyperion.com\/de\/wp-json\/wp\/v2\/posts\/10102","targetHints":{"allow":["GET"]}}],"collection":[{"href":"https:\/\/groupehyperion.com\/de\/wp-json\/wp\/v2\/posts"}],"about":[{"href":"https:\/\/groupehyperion.com\/de\/wp-json\/wp\/v2\/types\/post"}],"author":[{"embeddable":true,"href":"https:\/\/groupehyperion.com\/de\/wp-json\/wp\/v2\/users\/2"}],"replies":[{"embeddable":true,"href":"https:\/\/groupehyperion.com\/de\/wp-json\/wp\/v2\/comments?post=10102"}],"version-history":[{"count":3,"href":"https:\/\/groupehyperion.com\/de\/wp-json\/wp\/v2\/posts\/10102\/revisions"}],"predecessor-version":[{"id":10106,"href":"https:\/\/groupehyperion.com\/de\/wp-json\/wp\/v2\/posts\/10102\/revisions\/10106"}],"wp:featuredmedia":[{"embeddable":true,"href":"https:\/\/groupehyperion.com\/de\/wp-json\/wp\/v2\/media\/10103"}],"wp:attachment":[{"href":"https:\/\/groupehyperion.com\/de\/wp-json\/wp\/v2\/media?parent=10102"}],"wp:term":[{"taxonomy":"category","embeddable":true,"href":"https:\/\/groupehyperion.com\/de\/wp-json\/wp\/v2\/categories?post=10102"},{"taxonomy":"post_tag","embeddable":true,"href":"https:\/\/groupehyperion.com\/de\/wp-json\/wp\/v2\/tags?post=10102"}],"curies":[{"name":"wp","href":"https:\/\/api.w.org\/{rel}","templated":true}]}}